{"id":104233,"date":"2022-02-17T18:01:52","date_gmt":"2022-02-17T21:01:52","guid":{"rendered":"https:\/\/eldiariodesanpedro.com.ar\/sitio\/?p=104233"},"modified":"2022-02-17T18:01:53","modified_gmt":"2022-02-17T21:01:53","slug":"primera-jornada-del-juicio-por-el-femicidio-de-maria-esperanza","status":"publish","type":"post","link":"https:\/\/eldiariodesanpedro.com.ar\/sitio\/primera-jornada-del-juicio-por-el-femicidio-de-maria-esperanza\/","title":{"rendered":"Primera jornada del juicio por el femicidio de Mar\u00eda Esperanza"},"content":{"rendered":"<!-- VideographyWP Plugin Message: Automatic video embedding prevented by plugin options. -->\n\n<p>Este jueves 17 en San Nicol\u00e1s se concret\u00f3 la primera jornada del juicio oral por el \u00abhomicidio triplemente agravado\u00bb (por el v\u00ednculo, alevos\u00eda y por haber mediado violencia de g\u00e9nero), cometido el 3 de mayo de 2020 cuando Mar\u00eda Esperanza Fern\u00e1ndez fue asesinada dentro de su domicilio.<\/p>\n\n\n\n<p>Es el Tribunal Criminal N\u00b02 de San Nicol\u00e1s -integrado por la jueza Mar\u00eda Elena Baquedano, el juez Alejandro Gabriel L\u00f3pez y la jueza Mar\u00eda Bel\u00e9n Ocaris- el encargado de dictar sentencia en una causa instruida por la fiscala Viviana Ramos, y que tiene a Roberto Romero, por entonces y desde hac\u00eda m\u00e1s de 20 a\u00f1os pareja de Mar\u00eda Esperanza, como \u00fanico acusado.<\/p>\n\n\n\n<p>Durante esta primera audiencia testimonial, declararon familiares y allegados a Mar\u00eda Esperanza y la familia. Este viernes continuar\u00e1n las declaraciones de efectivos policiales y otros peritos de parte.<\/p>\n\n\n\n<p>Desde la Secretar\u00eda de Pol\u00edticas de G\u00e9nero, Mujeres y Diversidad, con el apoyo de la Municipalidad de San Pedro BA, estuvieron articulando junto con Fiscal\u00eda para garantizar el traslado de las y los testigos de la querella, as\u00ed como tambi\u00e9n acompa\u00f1ando a la familia en el inicio de este proceso judicial, en el que se buscar\u00e1 hacer justicia por Mar\u00eda Esperanza.<\/p>\n\n\n\n<p>De acuerdo a los plazos previstos por la Justicia, la lectura de la sentencia se concretar\u00e1 antes de fin de mes.<\/p>\n\n\n\n<figure class=\"wp-block-image size-full\"><img decoding=\"async\" width=\"840\" height=\"630\" data-attachment-id=\"104236\" data-permalink=\"https:\/\/eldiariodesanpedro.com.ar\/sitio\/primera-jornada-del-juicio-por-el-femicidio-de-maria-esperanza\/273025280_148888807527181_6727387575365681551_n\/\" data-orig-file=\"https:\/\/eldiariodesanpedro.com.ar\/sitio\/wp-content\/uploads\/2022\/02\/273025280_148888807527181_6727387575365681551_n.jpg\" data-orig-size=\"840,630\" data-comments-opened=\"0\" data-image-meta=\"{&quot;aperture&quot;:&quot;0&quot;,&quot;credit&quot;:&quot;&quot;,&quot;camera&quot;:&quot;&quot;,&quot;caption&quot;:&quot;&quot;,&quot;created_timestamp&quot;:&quot;0&quot;,&quot;copyright&quot;:&quot;&quot;,&quot;focal_length&quot;:&quot;0&quot;,&quot;iso&quot;:&quot;0&quot;,&quot;shutter_speed&quot;:&quot;0&quot;,&quot;title&quot;:&quot;&quot;,&quot;orientation&quot;:&quot;0&quot;}\" data-image-title=\"273025280_148888807527181_6727387575365681551_n\" data-image-description=\"\" data-image-caption=\"\" data-large-file=\"https:\/\/eldiariodesanpedro.com.ar\/sitio\/wp-content\/uploads\/2022\/02\/273025280_148888807527181_6727387575365681551_n.jpg\" data-src=\"https:\/\/eldiariodesanpedro.com.ar\/sitio\/wp-content\/uploads\/2022\/02\/273025280_148888807527181_6727387575365681551_n.jpg\" alt=\"\" class=\"wp-image-104236 lazyload\" data-srcset=\"https:\/\/eldiariodesanpedro.com.ar\/sitio\/wp-content\/uploads\/2022\/02\/273025280_148888807527181_6727387575365681551_n.jpg 840w, https:\/\/eldiariodesanpedro.com.ar\/sitio\/wp-content\/uploads\/2022\/02\/273025280_148888807527181_6727387575365681551_n-300x225.jpg 300w, https:\/\/eldiariodesanpedro.com.ar\/sitio\/wp-content\/uploads\/2022\/02\/273025280_148888807527181_6727387575365681551_n-768x576.jpg 768w\" data-sizes=\"(max-width: 840px) 100vw, 840px\" src=\"data:image\/svg+xml;base64,PHN2ZyB3aWR0aD0iMSIgaGVpZ2h0PSIxIiB4bWxucz0iaHR0cDovL3d3dy53My5vcmcvMjAwMC9zdmciPjwvc3ZnPg==\" style=\"--smush-placeholder-width: 840px; --smush-placeholder-aspect-ratio: 840\/630;\" \/><\/figure>\n\n\n\n<figure class=\"wp-block-image size-full\"><img decoding=\"async\" width=\"840\" height=\"630\" data-attachment-id=\"104237\" data-permalink=\"https:\/\/eldiariodesanpedro.com.ar\/sitio\/primera-jornada-del-juicio-por-el-femicidio-de-maria-esperanza\/273450884_148888770860518_8857542198324769057_n\/\" data-orig-file=\"https:\/\/eldiariodesanpedro.com.ar\/sitio\/wp-content\/uploads\/2022\/02\/273450884_148888770860518_8857542198324769057_n.jpg\" data-orig-size=\"840,630\" data-comments-opened=\"0\" data-image-meta=\"{&quot;aperture&quot;:&quot;0&quot;,&quot;credit&quot;:&quot;&quot;,&quot;camera&quot;:&quot;&quot;,&quot;caption&quot;:&quot;&quot;,&quot;created_timestamp&quot;:&quot;0&quot;,&quot;copyright&quot;:&quot;&quot;,&quot;focal_length&quot;:&quot;0&quot;,&quot;iso&quot;:&quot;0&quot;,&quot;shutter_speed&quot;:&quot;0&quot;,&quot;title&quot;:&quot;&quot;,&quot;orientation&quot;:&quot;0&quot;}\" data-image-title=\"273450884_148888770860518_8857542198324769057_n\" data-image-description=\"\" data-image-caption=\"\" data-large-file=\"https:\/\/eldiariodesanpedro.com.ar\/sitio\/wp-content\/uploads\/2022\/02\/273450884_148888770860518_8857542198324769057_n.jpg\" data-src=\"https:\/\/eldiariodesanpedro.com.ar\/sitio\/wp-content\/uploads\/2022\/02\/273450884_148888770860518_8857542198324769057_n.jpg\" alt=\"\" class=\"wp-image-104237 lazyload\" data-srcset=\"https:\/\/eldiariodesanpedro.com.ar\/sitio\/wp-content\/uploads\/2022\/02\/273450884_148888770860518_8857542198324769057_n.jpg 840w, https:\/\/eldiariodesanpedro.com.ar\/sitio\/wp-content\/uploads\/2022\/02\/273450884_148888770860518_8857542198324769057_n-300x225.jpg 300w, https:\/\/eldiariodesanpedro.com.ar\/sitio\/wp-content\/uploads\/2022\/02\/273450884_148888770860518_8857542198324769057_n-768x576.jpg 768w\" data-sizes=\"(max-width: 840px) 100vw, 840px\" src=\"data:image\/svg+xml;base64,PHN2ZyB3aWR0aD0iMSIgaGVpZ2h0PSIxIiB4bWxucz0iaHR0cDovL3d3dy53My5vcmcvMjAwMC9zdmciPjwvc3ZnPg==\" style=\"--smush-placeholder-width: 840px; --smush-placeholder-aspect-ratio: 840\/630;\" \/><\/figure>\n\n\n\n<figure class=\"wp-block-image size-full\"><img decoding=\"async\" width=\"840\" height=\"630\" data-attachment-id=\"104234\" data-permalink=\"https:\/\/eldiariodesanpedro.com.ar\/sitio\/primera-jornada-del-juicio-por-el-femicidio-de-maria-esperanza\/272948839_148888587527203_6104997582310514901_n\/\" data-orig-file=\"https:\/\/eldiariodesanpedro.com.ar\/sitio\/wp-content\/uploads\/2022\/02\/272948839_148888587527203_6104997582310514901_n.jpg\" data-orig-size=\"840,630\" data-comments-opened=\"0\" data-image-meta=\"{&quot;aperture&quot;:&quot;0&quot;,&quot;credit&quot;:&quot;&quot;,&quot;camera&quot;:&quot;&quot;,&quot;caption&quot;:&quot;&quot;,&quot;created_timestamp&quot;:&quot;0&quot;,&quot;copyright&quot;:&quot;&quot;,&quot;focal_length&quot;:&quot;0&quot;,&quot;iso&quot;:&quot;0&quot;,&quot;shutter_speed&quot;:&quot;0&quot;,&quot;title&quot;:&quot;&quot;,&quot;orientation&quot;:&quot;0&quot;}\" data-image-title=\"272948839_148888587527203_6104997582310514901_n\" data-image-description=\"\" data-image-caption=\"\" data-large-file=\"https:\/\/eldiariodesanpedro.com.ar\/sitio\/wp-content\/uploads\/2022\/02\/272948839_148888587527203_6104997582310514901_n.jpg\" data-src=\"https:\/\/eldiariodesanpedro.com.ar\/sitio\/wp-content\/uploads\/2022\/02\/272948839_148888587527203_6104997582310514901_n.jpg\" alt=\"\" class=\"wp-image-104234 lazyload\" data-srcset=\"https:\/\/eldiariodesanpedro.com.ar\/sitio\/wp-content\/uploads\/2022\/02\/272948839_148888587527203_6104997582310514901_n.jpg 840w, https:\/\/eldiariodesanpedro.com.ar\/sitio\/wp-content\/uploads\/2022\/02\/272948839_148888587527203_6104997582310514901_n-300x225.jpg 300w, https:\/\/eldiariodesanpedro.com.ar\/sitio\/wp-content\/uploads\/2022\/02\/272948839_148888587527203_6104997582310514901_n-768x576.jpg 768w\" data-sizes=\"(max-width: 840px) 100vw, 840px\" src=\"data:image\/svg+xml;base64,PHN2ZyB3aWR0aD0iMSIgaGVpZ2h0PSIxIiB4bWxucz0iaHR0cDovL3d3dy53My5vcmcvMjAwMC9zdmciPjwvc3ZnPg==\" style=\"--smush-placeholder-width: 840px; --smush-placeholder-aspect-ratio: 840\/630;\" \/><\/figure>\n","protected":false},"excerpt":{"rendered":"<p>Este jueves 17 en San Nicol\u00e1s se concret\u00f3 la primera jornada del juicio oral por el \u00abhomicidio triplemente agravado\u00bb (por el v\u00ednculo, alevos\u00eda y por haber mediado violencia de g\u00e9nero), cometido el 3 de mayo de 2020 cuando Mar\u00eda Esperanza Fern\u00e1ndez fue asesinada dentro de su domicilio. Es el Tribunal Criminal N\u00b02 de San Nicol\u00e1s [&hellip;]<\/p>\n","protected":false},"author":4,"featured_media":104235,"comment_status":"closed","ping_status":"closed","sticky":false,"template":"","format":"standard","meta":{"om_disable_all_campaigns":false,"_jetpack_memberships_contains_paid_content":false,"footnotes":""},"categories":[50,101,2],"tags":[197,2717,696,33,19],"class_list":["post-104233","post","type-post","status-publish","format-standard","has-post-thumbnail","hentry","category-destacadas","category-interes-general-locales","category-locales","tag-buenos-aires","tag-femicidio-de-maria-esperanza","tag-interes-general","tag-locales","tag-san-pedro"],"aioseo_notices":[],"gutentor_comment":0,"jetpack_featured_media_url":"https:\/\/eldiariodesanpedro.com.ar\/sitio\/wp-content\/uploads\/2022\/02\/272954373_148888657527196_4947132689852782738_n.jpg","jetpack_shortlink":"https:\/\/wp.me\/p6RhLt-r7b","jetpack_sharing_enabled":true,"_links":{"self":[{"href":"https:\/\/eldiariodesanpedro.com.ar\/sitio\/wp-json\/wp\/v2\/posts\/104233","targetHints":{"allow":["GET"]}}],"collection":[{"href":"https:\/\/eldiariodesanpedro.com.ar\/sitio\/wp-json\/wp\/v2\/posts"}],"about":[{"href":"https:\/\/eldiariodesanpedro.com.ar\/sitio\/wp-json\/wp\/v2\/types\/post"}],"author":[{"embeddable":true,"href":"https:\/\/eldiariodesanpedro.com.ar\/sitio\/wp-json\/wp\/v2\/users\/4"}],"replies":[{"embeddable":true,"href":"https:\/\/eldiariodesanpedro.com.ar\/sitio\/wp-json\/wp\/v2\/comments?post=104233"}],"version-history":[{"count":1,"href":"https:\/\/eldiariodesanpedro.com.ar\/sitio\/wp-json\/wp\/v2\/posts\/104233\/revisions"}],"predecessor-version":[{"id":104238,"href":"https:\/\/eldiariodesanpedro.com.ar\/sitio\/wp-json\/wp\/v2\/posts\/104233\/revisions\/104238"}],"wp:featuredmedia":[{"embeddable":true,"href":"https:\/\/eldiariodesanpedro.com.ar\/sitio\/wp-json\/wp\/v2\/media\/104235"}],"wp:attachment":[{"href":"https:\/\/eldiariodesanpedro.com.ar\/sitio\/wp-json\/wp\/v2\/media?parent=104233"}],"wp:term":[{"taxonomy":"category","embeddable":true,"href":"https:\/\/eldiariodesanpedro.com.ar\/sitio\/wp-json\/wp\/v2\/categories?post=104233"},{"taxonomy":"post_tag","embeddable":true,"href":"https:\/\/eldiariodesanpedro.com.ar\/sitio\/wp-json\/wp\/v2\/tags?post=104233"}],"curies":[{"name":"wp","href":"https:\/\/api.w.org\/{rel}","templated":true}]}}