{"id":104230,"date":"2022-02-17T17:47:53","date_gmt":"2022-02-17T20:47:53","guid":{"rendered":"https:\/\/eldiariodesanpedro.com.ar\/sitio\/?p=104230"},"modified":"2022-02-17T17:48:08","modified_gmt":"2022-02-17T20:48:08","slug":"fallecio-el-sampedino-enrique-quique-matavoz","status":"publish","type":"post","link":"https:\/\/eldiariodesanpedro.com.ar\/sitio\/fallecio-el-sampedino-enrique-quique-matavoz\/","title":{"rendered":"Falleci\u00f3 el Sampedino Enrique \u00abQuique\u00bb Matavoz\u00a0"},"content":{"rendered":"<!-- VideographyWP Plugin Message: Automatic video embedding prevented by plugin options. -->\n\n<p>Enrique \u00abQuique\u00bb Matavoz, el locutor sampedrino que marc\u00f3 con su estilo toda una \u00e9poca de la radiofon\u00eda, muri\u00f3 en la ciudad de Buenos Aires.<\/p>\n\n\n\n<p>\u00abCon enorme dolor comunicamos el fallecimiento de Quique Matavos. Se van con \u00e9l, inolvidables momentos de radio, salidas y amigos. Nos deja la magia de su voz y su inefable alegr\u00eda para seguir manteniendo viva la llama de esta que siempre consider\u00f3 su propia casa\u00bb public\u00f3 FM Horizonte, la frecuencia con la que se identific\u00f3 durante gran parte de su carrera.<\/p>\n\n\n\n<p>Surgido de la escuela de APA Radio San Pedro, \u00abQuique\u00bb alcanz\u00f3 con su voz a varias generaciones de oyentes, aunque fue fundamental para imponer en los a\u00f1os 1990 la \u00abmarca Horizonte\u00bb en la Frecuencia Modulada, junto a Mario Mazzone y Mart\u00edn Wullich.<\/p>\n\n\n\n<p>\u00abSe fue Quique Matavos, un animal de radio. No tengo palabras. Muchas aventuras juntos. A fondo\u2026siempre. Te voy a extra\u00f1ar amiguito! El aire nunca ser\u00e1 igual. Gracias\u00bb public\u00f3 otro de sus compa\u00f1eros, Mart\u00edn Pitton.<\/p>\n","protected":false},"excerpt":{"rendered":"<p>Enrique \u00abQuique\u00bb Matavoz, el locutor sampedrino que marc\u00f3 con su estilo toda una \u00e9poca de la radiofon\u00eda, muri\u00f3 en la ciudad de Buenos Aires. \u00abCon enorme dolor comunicamos el fallecimiento de Quique Matavos. Se van con \u00e9l, inolvidables momentos de radio, salidas y amigos. Nos deja la magia de su voz y su inefable alegr\u00eda [&hellip;]<\/p>\n","protected":false},"author":4,"featured_media":104231,"comment_status":"closed","ping_status":"closed","sticky":false,"template":"","format":"standard","meta":{"om_disable_all_campaigns":false,"_jetpack_memberships_contains_paid_content":false,"footnotes":""},"categories":[50,101,2],"tags":[197,2716,696,33,19],"class_list":["post-104230","post","type-post","status-publish","format-standard","has-post-thumbnail","hentry","category-destacadas","category-interes-general-locales","category-locales","tag-buenos-aires","tag-enrique-quique-matavoz","tag-interes-general","tag-locales","tag-san-pedro"],"aioseo_notices":[],"gutentor_comment":0,"jetpack_featured_media_url":"https:\/\/eldiariodesanpedro.com.ar\/sitio\/wp-content\/uploads\/2022\/02\/medida-10.jpg","jetpack_shortlink":"https:\/\/wp.me\/p6RhLt-r78","jetpack_sharing_enabled":true,"_links":{"self":[{"href":"https:\/\/eldiariodesanpedro.com.ar\/sitio\/wp-json\/wp\/v2\/posts\/104230","targetHints":{"allow":["GET"]}}],"collection":[{"href":"https:\/\/eldiariodesanpedro.com.ar\/sitio\/wp-json\/wp\/v2\/posts"}],"about":[{"href":"https:\/\/eldiariodesanpedro.com.ar\/sitio\/wp-json\/wp\/v2\/types\/post"}],"author":[{"embeddable":true,"href":"https:\/\/eldiariodesanpedro.com.ar\/sitio\/wp-json\/wp\/v2\/users\/4"}],"replies":[{"embeddable":true,"href":"https:\/\/eldiariodesanpedro.com.ar\/sitio\/wp-json\/wp\/v2\/comments?post=104230"}],"version-history":[{"count":1,"href":"https:\/\/eldiariodesanpedro.com.ar\/sitio\/wp-json\/wp\/v2\/posts\/104230\/revisions"}],"predecessor-version":[{"id":104232,"href":"https:\/\/eldiariodesanpedro.com.ar\/sitio\/wp-json\/wp\/v2\/posts\/104230\/revisions\/104232"}],"wp:featuredmedia":[{"embeddable":true,"href":"https:\/\/eldiariodesanpedro.com.ar\/sitio\/wp-json\/wp\/v2\/media\/104231"}],"wp:attachment":[{"href":"https:\/\/eldiariodesanpedro.com.ar\/sitio\/wp-json\/wp\/v2\/media?parent=104230"}],"wp:term":[{"taxonomy":"category","embeddable":true,"href":"https:\/\/eldiariodesanpedro.com.ar\/sitio\/wp-json\/wp\/v2\/categories?post=104230"},{"taxonomy":"post_tag","embeddable":true,"href":"https:\/\/eldiariodesanpedro.com.ar\/sitio\/wp-json\/wp\/v2\/tags?post=104230"}],"curies":[{"name":"wp","href":"https:\/\/api.w.org\/{rel}","templated":true}]}}