{"id":104227,"date":"2022-02-17T17:37:42","date_gmt":"2022-02-17T20:37:42","guid":{"rendered":"https:\/\/eldiariodesanpedro.com.ar\/sitio\/?p=104227"},"modified":"2022-02-17T17:37:42","modified_gmt":"2022-02-17T20:37:42","slug":"le-dieron-la-libertad-al-ex-fiscal-patricio-serjal","status":"publish","type":"post","link":"https:\/\/eldiariodesanpedro.com.ar\/sitio\/le-dieron-la-libertad-al-ex-fiscal-patricio-serjal\/","title":{"rendered":"Le dieron la libertad al ex fiscal Patricio Serjal"},"content":{"rendered":"<!-- VideographyWP Plugin Message: Automatic video embedding prevented by plugin options. -->\n\n<p>El fallo de la Alzada que se conoci\u00f3 en el mediod\u00eda del mi\u00e9rcoles incluye entre las condiciones una cauci\u00f3n real por 10 millones de pesos y la prohibici\u00f3n de salir del pa\u00eds.<\/p>\n\n\n\n<p>La C\u00e1mara Penal&nbsp;otorg\u00f3 la libertad del ex fiscal regional de Rosario Patricio Serjal, imputado en la causa que investiga&nbsp;el juego clandestino en la provincia.<\/p>\n\n\n\n<p>El fallo de la Alzada que se conoci\u00f3 este mediod\u00eda incluye entre las condiciones una cauci\u00f3n real por 10 millones de pesos y la prohibici\u00f3n de salir del pa\u00eds.<\/p>\n\n\n\n<p>El juez Guillermo Llaudet\u00a0revoc\u00f3\u00a0la decisi\u00f3n de diciembre pasado\u00a0de la magistrada Eleonora Ver\u00f3n, quien hab\u00eda resuelto que el acusado siguiera en prisi\u00f3n domiciliaria hasta el juicio.\u00a0<\/p>\n\n\n\n<p>Serjal\u00a0est\u00e1 imputado por los delitos de cohecho, incumplimiento de los deberes de funcionario p\u00fablico, transmisi\u00f3n de datos reservados, falsedad ideol\u00f3gica y omisi\u00f3n de persecuci\u00f3n, por el que Fiscal\u00eda pidi\u00f3\u00a0pena de 12 a\u00f1os de prisi\u00f3n\u00a0en enero pasado.<\/p>\n\n\n\n<p>Los fiscales Mat\u00edas Edery y Luis Schiappa Pietra de la Agencia de Criminalidad Organizada se opusieron a la apelaci\u00f3n presentada por la defensa, a la que hizo lugar el camarista. En su resoluci\u00f3n\u00a0orden\u00f3 restricciones para Serjal como la prohibici\u00f3n de salida del pa\u00eds y la cauci\u00f3n real de 10.000.000 (diez millones de pesos), adem\u00e1s de evitar todo tipo de contacto con los restantes coimputados o testigos vinculados a cualquiera de las causas en que se encuentra involucrado, indicaron desde el Ministerio P\u00fablico de la Acusaci\u00f3n.<\/p>\n\n\n\n<p>Fuente: Pagina 12 <\/p>\n","protected":false},"excerpt":{"rendered":"<p>El fallo de la Alzada que se conoci\u00f3 en el mediod\u00eda del mi\u00e9rcoles incluye entre las condiciones una cauci\u00f3n real por 10 millones de pesos y la prohibici\u00f3n de salir del pa\u00eds. La C\u00e1mara Penal&nbsp;otorg\u00f3 la libertad del ex fiscal regional de Rosario Patricio Serjal, imputado en la causa que investiga&nbsp;el juego clandestino en la [&hellip;]<\/p>\n","protected":false},"author":4,"featured_media":104228,"comment_status":"closed","ping_status":"closed","sticky":false,"template":"","format":"standard","meta":{"om_disable_all_campaigns":false,"_jetpack_memberships_contains_paid_content":false,"footnotes":""},"categories":[101,2],"tags":[197,696,33,19],"class_list":["post-104227","post","type-post","status-publish","format-standard","has-post-thumbnail","hentry","category-interes-general-locales","category-locales","tag-buenos-aires","tag-interes-general","tag-locales","tag-san-pedro"],"aioseo_notices":[],"gutentor_comment":0,"jetpack_featured_media_url":"https:\/\/eldiariodesanpedro.com.ar\/sitio\/wp-content\/uploads\/2022\/02\/patricio-Serjal.jpg","jetpack_shortlink":"https:\/\/wp.me\/p6RhLt-r75","jetpack_sharing_enabled":true,"_links":{"self":[{"href":"https:\/\/eldiariodesanpedro.com.ar\/sitio\/wp-json\/wp\/v2\/posts\/104227","targetHints":{"allow":["GET"]}}],"collection":[{"href":"https:\/\/eldiariodesanpedro.com.ar\/sitio\/wp-json\/wp\/v2\/posts"}],"about":[{"href":"https:\/\/eldiariodesanpedro.com.ar\/sitio\/wp-json\/wp\/v2\/types\/post"}],"author":[{"embeddable":true,"href":"https:\/\/eldiariodesanpedro.com.ar\/sitio\/wp-json\/wp\/v2\/users\/4"}],"replies":[{"embeddable":true,"href":"https:\/\/eldiariodesanpedro.com.ar\/sitio\/wp-json\/wp\/v2\/comments?post=104227"}],"version-history":[{"count":1,"href":"https:\/\/eldiariodesanpedro.com.ar\/sitio\/wp-json\/wp\/v2\/posts\/104227\/revisions"}],"predecessor-version":[{"id":104229,"href":"https:\/\/eldiariodesanpedro.com.ar\/sitio\/wp-json\/wp\/v2\/posts\/104227\/revisions\/104229"}],"wp:featuredmedia":[{"embeddable":true,"href":"https:\/\/eldiariodesanpedro.com.ar\/sitio\/wp-json\/wp\/v2\/media\/104228"}],"wp:attachment":[{"href":"https:\/\/eldiariodesanpedro.com.ar\/sitio\/wp-json\/wp\/v2\/media?parent=104227"}],"wp:term":[{"taxonomy":"category","embeddable":true,"href":"https:\/\/eldiariodesanpedro.com.ar\/sitio\/wp-json\/wp\/v2\/categories?post=104227"},{"taxonomy":"post_tag","embeddable":true,"href":"https:\/\/eldiariodesanpedro.com.ar\/sitio\/wp-json\/wp\/v2\/tags?post=104227"}],"curies":[{"name":"wp","href":"https:\/\/api.w.org\/{rel}","templated":true}]}}