{"id":104206,"date":"2022-02-17T12:17:50","date_gmt":"2022-02-17T15:17:50","guid":{"rendered":"https:\/\/eldiariodesanpedro.com.ar\/sitio\/?p=104206"},"modified":"2022-02-17T12:17:51","modified_gmt":"2022-02-17T15:17:51","slug":"mujer-aprehendida-por-violar-una-restriccion-perimetral-contra-su-ex-pareja","status":"publish","type":"post","link":"https:\/\/eldiariodesanpedro.com.ar\/sitio\/mujer-aprehendida-por-violar-una-restriccion-perimetral-contra-su-ex-pareja\/","title":{"rendered":"Mujer aprehendida por violar una restricci\u00f3n perimetral contra su ex pareja"},"content":{"rendered":"<!-- VideographyWP Plugin Message: Automatic video embedding prevented by plugin options. -->\n\n<p>Esta madrugada un hombre denunci\u00f3 que su ex pareja viol\u00f3 la perimetral con intenciones de agredir.<\/p>\n\n\n\n<p>Hoy alrededor de la 02 hs el personal policial se tuvo que hacer presente en calle Boulevard Paran\u00e1 donde realiz\u00f3 la aprehensi\u00f3n de una mujer de 27 a\u00f1os de edad quien se hizo presente en la vivienda de su ex pareja violando la restricci\u00f3n perimetral en vigencia, la v\u00edctima denunci\u00f3 que esta mujer se habr\u00eda acercado con intenciones de agredir.&nbsp;&nbsp;<\/p>\n\n\n\n<p>La mujer fue trasladada a la comisar\u00eda local donde permanece alojada hasta declarar frente a la fiscal\u00eda local.<\/p>\n","protected":false},"excerpt":{"rendered":"<p>Esta madrugada un hombre denunci\u00f3 que su ex pareja viol\u00f3 la perimetral con intenciones de agredir. Hoy alrededor de la 02 hs el personal policial se tuvo que hacer presente en calle Boulevard Paran\u00e1 donde realiz\u00f3 la aprehensi\u00f3n de una mujer de 27 a\u00f1os de edad quien se hizo presente en la vivienda de su [&hellip;]<\/p>\n","protected":false},"author":4,"featured_media":51263,"comment_status":"closed","ping_status":"closed","sticky":false,"template":"","format":"standard","meta":{"om_disable_all_campaigns":false,"_jetpack_memberships_contains_paid_content":false,"footnotes":""},"categories":[2,103],"tags":[197,33,95,19],"class_list":["post-104206","post","type-post","status-publish","format-standard","has-post-thumbnail","hentry","category-locales","category-policiales-locales","tag-buenos-aires","tag-locales","tag-policiales","tag-san-pedro"],"aioseo_notices":[],"gutentor_comment":0,"jetpack_featured_media_url":"https:\/\/eldiariodesanpedro.com.ar\/sitio\/wp-content\/uploads\/2019\/05\/mujer-detenida.jpeg","jetpack_shortlink":"https:\/\/wp.me\/p6RhLt-r6K","jetpack_sharing_enabled":true,"_links":{"self":[{"href":"https:\/\/eldiariodesanpedro.com.ar\/sitio\/wp-json\/wp\/v2\/posts\/104206","targetHints":{"allow":["GET"]}}],"collection":[{"href":"https:\/\/eldiariodesanpedro.com.ar\/sitio\/wp-json\/wp\/v2\/posts"}],"about":[{"href":"https:\/\/eldiariodesanpedro.com.ar\/sitio\/wp-json\/wp\/v2\/types\/post"}],"author":[{"embeddable":true,"href":"https:\/\/eldiariodesanpedro.com.ar\/sitio\/wp-json\/wp\/v2\/users\/4"}],"replies":[{"embeddable":true,"href":"https:\/\/eldiariodesanpedro.com.ar\/sitio\/wp-json\/wp\/v2\/comments?post=104206"}],"version-history":[{"count":1,"href":"https:\/\/eldiariodesanpedro.com.ar\/sitio\/wp-json\/wp\/v2\/posts\/104206\/revisions"}],"predecessor-version":[{"id":104207,"href":"https:\/\/eldiariodesanpedro.com.ar\/sitio\/wp-json\/wp\/v2\/posts\/104206\/revisions\/104207"}],"wp:featuredmedia":[{"embeddable":true,"href":"https:\/\/eldiariodesanpedro.com.ar\/sitio\/wp-json\/wp\/v2\/media\/51263"}],"wp:attachment":[{"href":"https:\/\/eldiariodesanpedro.com.ar\/sitio\/wp-json\/wp\/v2\/media?parent=104206"}],"wp:term":[{"taxonomy":"category","embeddable":true,"href":"https:\/\/eldiariodesanpedro.com.ar\/sitio\/wp-json\/wp\/v2\/categories?post=104206"},{"taxonomy":"post_tag","embeddable":true,"href":"https:\/\/eldiariodesanpedro.com.ar\/sitio\/wp-json\/wp\/v2\/tags?post=104206"}],"curies":[{"name":"wp","href":"https:\/\/api.w.org\/{rel}","templated":true}]}}