{"id":104198,"date":"2022-02-17T11:48:58","date_gmt":"2022-02-17T14:48:58","guid":{"rendered":"https:\/\/eldiariodesanpedro.com.ar\/sitio\/?p=104198"},"modified":"2022-02-17T11:48:59","modified_gmt":"2022-02-17T14:48:59","slug":"denuncio-que-hace-tres-anos-le-usurparon-un-terreno-y-no-se-lo-quieren-entregar","status":"publish","type":"post","link":"https:\/\/eldiariodesanpedro.com.ar\/sitio\/denuncio-que-hace-tres-anos-le-usurparon-un-terreno-y-no-se-lo-quieren-entregar\/","title":{"rendered":"Denunci\u00f3 que hace tres a\u00f1os le usurparon un terreno y no se lo quieren entregar"},"content":{"rendered":"<!-- VideographyWP Plugin Message: Automatic video embedding prevented by plugin options. -->\n\n<p>Este mi\u00e9rcoles en horas de la tarde un sujeto se hace presente en la comisar\u00eda local para realizar una denuncia por un hecho de usurpaci\u00f3n.<\/p>\n\n\n\n<p>Ayer un ciudadano de 40 a\u00f1os quien posee terreno con una construcci\u00f3n precaria en calle Combate de Obligado N\u00b0 1300 aproximadamente realiza una denuncia en la comisar\u00eda local teniendo en cuenta que en ese predio hace aproximadamente tres a\u00f1os a la fecha se encuentra ocupado por un joven junto a su mujer, a quienes tras solicitar en reiteradas ocasiones que se retire del lugar los mismos se niegan.<\/p>\n","protected":false},"excerpt":{"rendered":"<p>Este mi\u00e9rcoles en horas de la tarde un sujeto se hace presente en la comisar\u00eda local para realizar una denuncia por un hecho de usurpaci\u00f3n. Ayer un ciudadano de 40 a\u00f1os quien posee terreno con una construcci\u00f3n precaria en calle Combate de Obligado N\u00b0 1300 aproximadamente realiza una denuncia en la comisar\u00eda local teniendo en [&hellip;]<\/p>\n","protected":false},"author":4,"featured_media":104199,"comment_status":"closed","ping_status":"closed","sticky":false,"template":"","format":"standard","meta":{"om_disable_all_campaigns":false,"_jetpack_memberships_contains_paid_content":false,"footnotes":""},"categories":[2,103],"tags":[197,2707,33,95,19],"class_list":["post-104198","post","type-post","status-publish","format-standard","has-post-thumbnail","hentry","category-locales","category-policiales-locales","tag-buenos-aires","tag-denuncio-que-hace-tres-anos-le-usurparon-un-terreno-y-no-se-lo-quieren-entregar","tag-locales","tag-policiales","tag-san-pedro"],"aioseo_notices":[],"gutentor_comment":0,"jetpack_featured_media_url":"https:\/\/eldiariodesanpedro.com.ar\/sitio\/wp-content\/uploads\/2022\/02\/usurpacion-terrenos-min.jpg","jetpack_shortlink":"https:\/\/wp.me\/p6RhLt-r6C","jetpack_sharing_enabled":true,"_links":{"self":[{"href":"https:\/\/eldiariodesanpedro.com.ar\/sitio\/wp-json\/wp\/v2\/posts\/104198","targetHints":{"allow":["GET"]}}],"collection":[{"href":"https:\/\/eldiariodesanpedro.com.ar\/sitio\/wp-json\/wp\/v2\/posts"}],"about":[{"href":"https:\/\/eldiariodesanpedro.com.ar\/sitio\/wp-json\/wp\/v2\/types\/post"}],"author":[{"embeddable":true,"href":"https:\/\/eldiariodesanpedro.com.ar\/sitio\/wp-json\/wp\/v2\/users\/4"}],"replies":[{"embeddable":true,"href":"https:\/\/eldiariodesanpedro.com.ar\/sitio\/wp-json\/wp\/v2\/comments?post=104198"}],"version-history":[{"count":1,"href":"https:\/\/eldiariodesanpedro.com.ar\/sitio\/wp-json\/wp\/v2\/posts\/104198\/revisions"}],"predecessor-version":[{"id":104200,"href":"https:\/\/eldiariodesanpedro.com.ar\/sitio\/wp-json\/wp\/v2\/posts\/104198\/revisions\/104200"}],"wp:featuredmedia":[{"embeddable":true,"href":"https:\/\/eldiariodesanpedro.com.ar\/sitio\/wp-json\/wp\/v2\/media\/104199"}],"wp:attachment":[{"href":"https:\/\/eldiariodesanpedro.com.ar\/sitio\/wp-json\/wp\/v2\/media?parent=104198"}],"wp:term":[{"taxonomy":"category","embeddable":true,"href":"https:\/\/eldiariodesanpedro.com.ar\/sitio\/wp-json\/wp\/v2\/categories?post=104198"},{"taxonomy":"post_tag","embeddable":true,"href":"https:\/\/eldiariodesanpedro.com.ar\/sitio\/wp-json\/wp\/v2\/tags?post=104198"}],"curies":[{"name":"wp","href":"https:\/\/api.w.org\/{rel}","templated":true}]}}