{"id":104192,"date":"2022-02-17T10:31:07","date_gmt":"2022-02-17T13:31:07","guid":{"rendered":"https:\/\/eldiariodesanpedro.com.ar\/sitio\/?p=104192"},"modified":"2022-02-17T10:31:07","modified_gmt":"2022-02-17T13:31:07","slug":"un-hombre-golpeo-a-un-nino-de-11-anos-sin-motivo-en-la-zona-de-bajo-cementerio","status":"publish","type":"post","link":"https:\/\/eldiariodesanpedro.com.ar\/sitio\/un-hombre-golpeo-a-un-nino-de-11-anos-sin-motivo-en-la-zona-de-bajo-cementerio\/","title":{"rendered":"Un hombre golpe\u00f3 a un ni\u00f1o de 11 a\u00f1os sin motivo en la zona de Bajo Cementerio"},"content":{"rendered":"<!-- VideographyWP Plugin Message: Automatic video embedding prevented by plugin options. -->\n\n<p>En la ma\u00f1ana de ayer mi\u00e9rcoles un menor de edad fue agredido por un ciudadano mayor de edad sin motivo alguno.<\/p>\n\n\n\n<p>Ayer una mujer de 48 a\u00f1os de edad abuela de un ni\u00f1o de 11 a\u00f1os realiz\u00f3 una denuncia en la comisar\u00eda local declarando que en momentos cuando se encontraba en su vivienda de del barrio Bajo Cementerio a la altura del poste 12, cuando se hace presente una persona de sexo masculino reconocida del barrio por ser una persona agresiva, quien golpea a su nieto golpe de pu\u00f1o ocasion\u00e1ndole lesiones de car\u00e1cter leves.&nbsp;<\/p>\n","protected":false},"excerpt":{"rendered":"<p>En la ma\u00f1ana de ayer mi\u00e9rcoles un menor de edad fue agredido por un ciudadano mayor de edad sin motivo alguno. Ayer una mujer de 48 a\u00f1os de edad abuela de un ni\u00f1o de 11 a\u00f1os realiz\u00f3 una denuncia en la comisar\u00eda local declarando que en momentos cuando se encontraba en su vivienda de del [&hellip;]<\/p>\n","protected":false},"author":4,"featured_media":65873,"comment_status":"closed","ping_status":"closed","sticky":false,"template":"","format":"standard","meta":{"om_disable_all_campaigns":false,"_jetpack_memberships_contains_paid_content":false,"footnotes":""},"categories":[2,103],"tags":[197,33,95,19,2704],"class_list":["post-104192","post","type-post","status-publish","format-standard","has-post-thumbnail","hentry","category-locales","category-policiales-locales","tag-buenos-aires","tag-locales","tag-policiales","tag-san-pedro","tag-un-hombre-golpeo-a-un-nino-de-11-anos-sin-motivo-en-la-zona-de-bajo-cementerio"],"aioseo_notices":[],"gutentor_comment":0,"jetpack_featured_media_url":"https:\/\/eldiariodesanpedro.com.ar\/sitio\/wp-content\/uploads\/2019\/12\/no_oa7nhizhflm0igrcomando_patrulla.jpg","jetpack_shortlink":"https:\/\/wp.me\/p6RhLt-r6w","jetpack_sharing_enabled":true,"_links":{"self":[{"href":"https:\/\/eldiariodesanpedro.com.ar\/sitio\/wp-json\/wp\/v2\/posts\/104192","targetHints":{"allow":["GET"]}}],"collection":[{"href":"https:\/\/eldiariodesanpedro.com.ar\/sitio\/wp-json\/wp\/v2\/posts"}],"about":[{"href":"https:\/\/eldiariodesanpedro.com.ar\/sitio\/wp-json\/wp\/v2\/types\/post"}],"author":[{"embeddable":true,"href":"https:\/\/eldiariodesanpedro.com.ar\/sitio\/wp-json\/wp\/v2\/users\/4"}],"replies":[{"embeddable":true,"href":"https:\/\/eldiariodesanpedro.com.ar\/sitio\/wp-json\/wp\/v2\/comments?post=104192"}],"version-history":[{"count":1,"href":"https:\/\/eldiariodesanpedro.com.ar\/sitio\/wp-json\/wp\/v2\/posts\/104192\/revisions"}],"predecessor-version":[{"id":104193,"href":"https:\/\/eldiariodesanpedro.com.ar\/sitio\/wp-json\/wp\/v2\/posts\/104192\/revisions\/104193"}],"wp:featuredmedia":[{"embeddable":true,"href":"https:\/\/eldiariodesanpedro.com.ar\/sitio\/wp-json\/wp\/v2\/media\/65873"}],"wp:attachment":[{"href":"https:\/\/eldiariodesanpedro.com.ar\/sitio\/wp-json\/wp\/v2\/media?parent=104192"}],"wp:term":[{"taxonomy":"category","embeddable":true,"href":"https:\/\/eldiariodesanpedro.com.ar\/sitio\/wp-json\/wp\/v2\/categories?post=104192"},{"taxonomy":"post_tag","embeddable":true,"href":"https:\/\/eldiariodesanpedro.com.ar\/sitio\/wp-json\/wp\/v2\/tags?post=104192"}],"curies":[{"name":"wp","href":"https:\/\/api.w.org\/{rel}","templated":true}]}}