{"id":104190,"date":"2022-02-17T10:12:21","date_gmt":"2022-02-17T13:12:21","guid":{"rendered":"https:\/\/eldiariodesanpedro.com.ar\/sitio\/?p=104190"},"modified":"2022-02-17T10:12:21","modified_gmt":"2022-02-17T13:12:21","slug":"prorroga-de-tasas-municipales-por-parte-de-la-direccion-de-rentas-de-la-municipalidad-de-san-pedro","status":"publish","type":"post","link":"https:\/\/eldiariodesanpedro.com.ar\/sitio\/prorroga-de-tasas-municipales-por-parte-de-la-direccion-de-rentas-de-la-municipalidad-de-san-pedro\/","title":{"rendered":"Pr\u00f3rroga de Tasas Municipales por parte de la Direcci\u00f3n de Rentas de la Municipalidad de San Pedro"},"content":{"rendered":"<!-- VideographyWP Plugin Message: Automatic video embedding prevented by plugin options. -->\n\n<p>La Direcci\u00f3n de Rentas de la Municipalidad de San Pedro informa que se extender\u00e1 el vencimiento de las tasas municipales, con fecha el 18 de febrero hasta el 25 del corriente mes, ante la situaci\u00f3n epidemiol\u00f3gica general a causa del Covid-19. Quienes cumplan con el pago a t\u00e9rmino continuar\u00e1n accediendo a los beneficios de pago anual.<\/p>\n\n\n\n<p>Se mantiene como siempre para resolver cualquier tipo de consulta relacionada con estos temas el correo electr\u00f3nico atencionalcontribuyente@sanpedro.gob.ar y el WhatsApp (solo para mensajes) 03329 &#8211; 641517.<\/p>\n","protected":false},"excerpt":{"rendered":"<p>La Direcci\u00f3n de Rentas de la Municipalidad de San Pedro informa que se extender\u00e1 el vencimiento de las tasas municipales, con fecha el 18 de febrero hasta el 25 del corriente mes, ante la situaci\u00f3n epidemiol\u00f3gica general a causa del Covid-19. Quienes cumplan con el pago a t\u00e9rmino continuar\u00e1n accediendo a los beneficios de pago [&hellip;]<\/p>\n","protected":false},"author":4,"featured_media":265,"comment_status":"closed","ping_status":"closed","sticky":false,"template":"","format":"standard","meta":{"om_disable_all_campaigns":false,"_jetpack_memberships_contains_paid_content":false,"footnotes":""},"categories":[101,2],"tags":[197,696,33,19],"class_list":["post-104190","post","type-post","status-publish","format-standard","has-post-thumbnail","hentry","category-interes-general-locales","category-locales","tag-buenos-aires","tag-interes-general","tag-locales","tag-san-pedro"],"aioseo_notices":[],"gutentor_comment":0,"jetpack_featured_media_url":"https:\/\/eldiariodesanpedro.com.ar\/sitio\/wp-content\/uploads\/2015\/11\/Municipalidad-11.jpg","jetpack_shortlink":"https:\/\/wp.me\/p6RhLt-r6u","jetpack_sharing_enabled":true,"_links":{"self":[{"href":"https:\/\/eldiariodesanpedro.com.ar\/sitio\/wp-json\/wp\/v2\/posts\/104190","targetHints":{"allow":["GET"]}}],"collection":[{"href":"https:\/\/eldiariodesanpedro.com.ar\/sitio\/wp-json\/wp\/v2\/posts"}],"about":[{"href":"https:\/\/eldiariodesanpedro.com.ar\/sitio\/wp-json\/wp\/v2\/types\/post"}],"author":[{"embeddable":true,"href":"https:\/\/eldiariodesanpedro.com.ar\/sitio\/wp-json\/wp\/v2\/users\/4"}],"replies":[{"embeddable":true,"href":"https:\/\/eldiariodesanpedro.com.ar\/sitio\/wp-json\/wp\/v2\/comments?post=104190"}],"version-history":[{"count":1,"href":"https:\/\/eldiariodesanpedro.com.ar\/sitio\/wp-json\/wp\/v2\/posts\/104190\/revisions"}],"predecessor-version":[{"id":104191,"href":"https:\/\/eldiariodesanpedro.com.ar\/sitio\/wp-json\/wp\/v2\/posts\/104190\/revisions\/104191"}],"wp:featuredmedia":[{"embeddable":true,"href":"https:\/\/eldiariodesanpedro.com.ar\/sitio\/wp-json\/wp\/v2\/media\/265"}],"wp:attachment":[{"href":"https:\/\/eldiariodesanpedro.com.ar\/sitio\/wp-json\/wp\/v2\/media?parent=104190"}],"wp:term":[{"taxonomy":"category","embeddable":true,"href":"https:\/\/eldiariodesanpedro.com.ar\/sitio\/wp-json\/wp\/v2\/categories?post=104190"},{"taxonomy":"post_tag","embeddable":true,"href":"https:\/\/eldiariodesanpedro.com.ar\/sitio\/wp-json\/wp\/v2\/tags?post=104190"}],"curies":[{"name":"wp","href":"https:\/\/api.w.org\/{rel}","templated":true}]}}