{"id":104173,"date":"2022-02-16T14:53:16","date_gmt":"2022-02-16T17:53:16","guid":{"rendered":"https:\/\/eldiariodesanpedro.com.ar\/sitio\/?p=104173"},"modified":"2022-02-16T14:53:17","modified_gmt":"2022-02-16T17:53:17","slug":"impresionante-incendio-de-un-galpon-de-una-empresa-transportista-con-perdidas-totales","status":"publish","type":"post","link":"https:\/\/eldiariodesanpedro.com.ar\/sitio\/impresionante-incendio-de-un-galpon-de-una-empresa-transportista-con-perdidas-totales\/","title":{"rendered":"Impresionante incendio de un galp\u00f3n de una empresa transportista con p\u00e9rdidas totales"},"content":{"rendered":"<!-- VideographyWP Plugin Message: Automatic video embedding prevented by plugin options. -->\n\n<p>Este mediod\u00eda de mi\u00e9rcoles ocurri\u00f3 un impresionante incendio en un galp\u00f3n de una empresa de transporte donde las p\u00e9rdidas fueron totales, incluyendo un cami\u00f3n y una camioneta de alta gama.<\/p>\n\n\n\n<p>El hecho ocurri\u00f3 este mi\u00e9rcoles pasadas las 11:30 hs en la vecina localidad de R\u00edo Tala donde por razones que se tratan de establecer un galp\u00f3n comenz\u00f3 a prenderse fuego quedando completamente destruido con la ca\u00edda inclusive del techo y peligro de derrumbe de las paredes.<\/p>\n\n\n\n<p>Segun confirm\u00f3 Hector keudell quien estuvo a cargo del trabajo de Bomberos Voluntarios junto a Roman Monenegro, al momento de la llegada de las tres dotaciones que trabajaron en el lugar el fuego ya era generalizado y tras lograr contener el fuego se pudo determinar que las p\u00e9rdidas fueron totales.<\/p>\n\n\n\n<p>El Diario pudo dialogar con un empleado de galp\u00f3n que nos cont\u00f3 que de mayor valor dentro se encontraba un cami\u00f3n Marca Iveco, una camioneta Chevrolet S10 \u00faltimo modelo, un Shale y dos motocicletas de las cuales no qued\u00f3 absolutamente nada.<\/p>\n\n\n\n<p>Afortunadamente no hubo que lamentar personas heridas.<\/p>\n\n\n\n<iframe data-src=\"https:\/\/www.facebook.com\/plugins\/video.php?height=286&#038;href=https%3A%2F%2Fwww.facebook.com%2Fdiariosp2%2Fvideos%2F929528711094591%2F&#038;show_text=false&#038;width=560&#038;t=0\" width=\"560\" height=\"286\" style=\"border:none;overflow:hidden\" scrolling=\"no\" frameborder=\"0\" allowfullscreen=\"true\" allow=\"autoplay; clipboard-write; encrypted-media; picture-in-picture; web-share\" allowFullScreen=\"true\" src=\"data:image\/svg+xml;base64,PHN2ZyB3aWR0aD0iMSIgaGVpZ2h0PSIxIiB4bWxucz0iaHR0cDovL3d3dy53My5vcmcvMjAwMC9zdmciPjwvc3ZnPg==\" class=\"lazyload\" data-load-mode=\"1\"><\/iframe>\n\n\n\n<iframe data-src=\"https:\/\/www.facebook.com\/plugins\/video.php?height=286&#038;href=https%3A%2F%2Fwww.facebook.com%2Fdiariosp2%2Fvideos%2F909957199686655%2F&#038;show_text=false&#038;width=560&#038;t=0\" width=\"560\" height=\"286\" style=\"border:none;overflow:hidden\" scrolling=\"no\" frameborder=\"0\" allowfullscreen=\"true\" allow=\"autoplay; clipboard-write; encrypted-media; picture-in-picture; web-share\" allowFullScreen=\"true\" src=\"data:image\/svg+xml;base64,PHN2ZyB3aWR0aD0iMSIgaGVpZ2h0PSIxIiB4bWxucz0iaHR0cDovL3d3dy53My5vcmcvMjAwMC9zdmciPjwvc3ZnPg==\" class=\"lazyload\" data-load-mode=\"1\"><\/iframe>\n","protected":false},"excerpt":{"rendered":"<p>Este mediod\u00eda de mi\u00e9rcoles ocurri\u00f3 un impresionante incendio en un galp\u00f3n de una empresa de transporte donde las p\u00e9rdidas fueron totales, incluyendo un cami\u00f3n y una camioneta de alta gama. El hecho ocurri\u00f3 este mi\u00e9rcoles pasadas las 11:30 hs en la vecina localidad de R\u00edo Tala donde por razones que se tratan de establecer un [&hellip;]<\/p>\n","protected":false},"author":4,"featured_media":104174,"comment_status":"closed","ping_status":"closed","sticky":false,"template":"","format":"standard","meta":{"om_disable_all_campaigns":false,"_jetpack_memberships_contains_paid_content":false,"footnotes":""},"categories":[50,2,103],"tags":[197,2696,33,95,19],"class_list":["post-104173","post","type-post","status-publish","format-standard","has-post-thumbnail","hentry","category-destacadas","category-locales","category-policiales-locales","tag-buenos-aires","tag-impresionante-incendio-de-un-galpon-de-una-empresa-transportista-con-perdidas-totales","tag-locales","tag-policiales","tag-san-pedro"],"aioseo_notices":[],"gutentor_comment":0,"jetpack_featured_media_url":"https:\/\/eldiariodesanpedro.com.ar\/sitio\/wp-content\/uploads\/2022\/02\/IMG_20220216_121006461_HDR.jpg","jetpack_shortlink":"https:\/\/wp.me\/p6RhLt-r6d","jetpack_sharing_enabled":true,"_links":{"self":[{"href":"https:\/\/eldiariodesanpedro.com.ar\/sitio\/wp-json\/wp\/v2\/posts\/104173","targetHints":{"allow":["GET"]}}],"collection":[{"href":"https:\/\/eldiariodesanpedro.com.ar\/sitio\/wp-json\/wp\/v2\/posts"}],"about":[{"href":"https:\/\/eldiariodesanpedro.com.ar\/sitio\/wp-json\/wp\/v2\/types\/post"}],"author":[{"embeddable":true,"href":"https:\/\/eldiariodesanpedro.com.ar\/sitio\/wp-json\/wp\/v2\/users\/4"}],"replies":[{"embeddable":true,"href":"https:\/\/eldiariodesanpedro.com.ar\/sitio\/wp-json\/wp\/v2\/comments?post=104173"}],"version-history":[{"count":1,"href":"https:\/\/eldiariodesanpedro.com.ar\/sitio\/wp-json\/wp\/v2\/posts\/104173\/revisions"}],"predecessor-version":[{"id":104175,"href":"https:\/\/eldiariodesanpedro.com.ar\/sitio\/wp-json\/wp\/v2\/posts\/104173\/revisions\/104175"}],"wp:featuredmedia":[{"embeddable":true,"href":"https:\/\/eldiariodesanpedro.com.ar\/sitio\/wp-json\/wp\/v2\/media\/104174"}],"wp:attachment":[{"href":"https:\/\/eldiariodesanpedro.com.ar\/sitio\/wp-json\/wp\/v2\/media?parent=104173"}],"wp:term":[{"taxonomy":"category","embeddable":true,"href":"https:\/\/eldiariodesanpedro.com.ar\/sitio\/wp-json\/wp\/v2\/categories?post=104173"},{"taxonomy":"post_tag","embeddable":true,"href":"https:\/\/eldiariodesanpedro.com.ar\/sitio\/wp-json\/wp\/v2\/tags?post=104173"}],"curies":[{"name":"wp","href":"https:\/\/api.w.org\/{rel}","templated":true}]}}