{"id":104171,"date":"2022-02-16T11:25:16","date_gmt":"2022-02-16T14:25:16","guid":{"rendered":"https:\/\/eldiariodesanpedro.com.ar\/sitio\/?p=104171"},"modified":"2022-02-16T11:25:17","modified_gmt":"2022-02-16T14:25:17","slug":"una-joven-trato-de-quitarse-la-vida-pero-afortunadamente-no-lo-logro","status":"publish","type":"post","link":"https:\/\/eldiariodesanpedro.com.ar\/sitio\/una-joven-trato-de-quitarse-la-vida-pero-afortunadamente-no-lo-logro\/","title":{"rendered":"Una joven trat\u00f3 de quitarse la vida pero afortunadamente no lo logro"},"content":{"rendered":"<!-- VideographyWP Plugin Message: Automatic video embedding prevented by plugin options. -->\n\n<p>Este martes, en horas de la madrugada alrededor de las&nbsp; 02:50 horas el personal policial alertado acude a Juan de Garay y Bottaro de nuestra ciudad, donde por razones que se tratan de establecer una mujer de 27 a\u00f1os de edad, habr\u00eda intentado quitarse la vida efectu\u00e1ndose un disparo, trasladada Hospital por ambulancia 107 emergencias.&nbsp;<\/p>\n\n\n\n<p>M\u00e9dico constata que causante no corre riesgo de vida, testimonio de progenitora refiere que ha intentado quitarse la vida en otras oportunidades.&nbsp;<\/p>\n\n\n\n<p>Interviene fiscal\u00eda Nro. 05 local.-<\/p>\n","protected":false},"excerpt":{"rendered":"<p>Este martes, en horas de la madrugada alrededor de las&nbsp; 02:50 horas el personal policial alertado acude a Juan de Garay y Bottaro de nuestra ciudad, donde por razones que se tratan de establecer una mujer de 27 a\u00f1os de edad, habr\u00eda intentado quitarse la vida efectu\u00e1ndose un disparo, trasladada Hospital por ambulancia 107 emergencias.&nbsp; [&hellip;]<\/p>\n","protected":false},"author":4,"featured_media":81053,"comment_status":"closed","ping_status":"closed","sticky":false,"template":"","format":"standard","meta":{"om_disable_all_campaigns":false,"_jetpack_memberships_contains_paid_content":false,"footnotes":""},"categories":[2,103],"tags":[197,33,95,19],"class_list":["post-104171","post","type-post","status-publish","format-standard","has-post-thumbnail","hentry","category-locales","category-policiales-locales","tag-buenos-aires","tag-locales","tag-policiales","tag-san-pedro"],"aioseo_notices":[],"gutentor_comment":0,"jetpack_featured_media_url":"https:\/\/eldiariodesanpedro.com.ar\/sitio\/wp-content\/uploads\/2020\/09\/guardia-940x528-1.jpg","jetpack_shortlink":"https:\/\/wp.me\/p6RhLt-r6b","jetpack_sharing_enabled":true,"_links":{"self":[{"href":"https:\/\/eldiariodesanpedro.com.ar\/sitio\/wp-json\/wp\/v2\/posts\/104171","targetHints":{"allow":["GET"]}}],"collection":[{"href":"https:\/\/eldiariodesanpedro.com.ar\/sitio\/wp-json\/wp\/v2\/posts"}],"about":[{"href":"https:\/\/eldiariodesanpedro.com.ar\/sitio\/wp-json\/wp\/v2\/types\/post"}],"author":[{"embeddable":true,"href":"https:\/\/eldiariodesanpedro.com.ar\/sitio\/wp-json\/wp\/v2\/users\/4"}],"replies":[{"embeddable":true,"href":"https:\/\/eldiariodesanpedro.com.ar\/sitio\/wp-json\/wp\/v2\/comments?post=104171"}],"version-history":[{"count":1,"href":"https:\/\/eldiariodesanpedro.com.ar\/sitio\/wp-json\/wp\/v2\/posts\/104171\/revisions"}],"predecessor-version":[{"id":104172,"href":"https:\/\/eldiariodesanpedro.com.ar\/sitio\/wp-json\/wp\/v2\/posts\/104171\/revisions\/104172"}],"wp:featuredmedia":[{"embeddable":true,"href":"https:\/\/eldiariodesanpedro.com.ar\/sitio\/wp-json\/wp\/v2\/media\/81053"}],"wp:attachment":[{"href":"https:\/\/eldiariodesanpedro.com.ar\/sitio\/wp-json\/wp\/v2\/media?parent=104171"}],"wp:term":[{"taxonomy":"category","embeddable":true,"href":"https:\/\/eldiariodesanpedro.com.ar\/sitio\/wp-json\/wp\/v2\/categories?post=104171"},{"taxonomy":"post_tag","embeddable":true,"href":"https:\/\/eldiariodesanpedro.com.ar\/sitio\/wp-json\/wp\/v2\/tags?post=104171"}],"curies":[{"name":"wp","href":"https:\/\/api.w.org\/{rel}","templated":true}]}}