{"id":104168,"date":"2022-02-16T11:20:14","date_gmt":"2022-02-16T14:20:14","guid":{"rendered":"https:\/\/eldiariodesanpedro.com.ar\/sitio\/?p=104168"},"modified":"2022-02-16T11:20:15","modified_gmt":"2022-02-16T14:20:15","slug":"accidente-entre-una-motocicleta-y-un-automovil-con-una-joven-herida","status":"publish","type":"post","link":"https:\/\/eldiariodesanpedro.com.ar\/sitio\/accidente-entre-una-motocicleta-y-un-automovil-con-una-joven-herida\/","title":{"rendered":"Accidente entre una motocicleta y un autom\u00f3vil con una joven herida"},"content":{"rendered":"<!-- VideographyWP Plugin Message: Automatic video embedding prevented by plugin options. -->\n\n<p>Este martes alrededor de las 15 hs el personal policial alertado por un llamado al 911 acude a calle Salta y Beaumont, donde por razones que se tratan de establecer habr\u00eda colisionado un autom\u00f3vil Volkswagen Cross Fox conducida por una mujer de 37 a\u00f1os de edad y una motocicleta de marca Keller modelo Cronos conducida por femenina de 19 a\u00f1os de edad.&nbsp;<\/p>\n\n\n\n<p>Como consecuencia del impacto la conductora de la motocicleta es trasladada al Hospital San Pedro, m\u00e9dico constata lesiones car\u00e1cter leves, por su parte la conductora camioneta ilesa.<\/p>\n","protected":false},"excerpt":{"rendered":"<p>Este martes alrededor de las 15 hs el personal policial alertado por un llamado al 911 acude a calle Salta y Beaumont, donde por razones que se tratan de establecer habr\u00eda colisionado un autom\u00f3vil Volkswagen Cross Fox conducida por una mujer de 37 a\u00f1os de edad y una motocicleta de marca Keller modelo Cronos conducida [&hellip;]<\/p>\n","protected":false},"author":4,"featured_media":104169,"comment_status":"closed","ping_status":"closed","sticky":false,"template":"","format":"standard","meta":{"om_disable_all_campaigns":false,"_jetpack_memberships_contains_paid_content":false,"footnotes":""},"categories":[2,103],"tags":[197,33,95,19],"class_list":["post-104168","post","type-post","status-publish","format-standard","has-post-thumbnail","hentry","category-locales","category-policiales-locales","tag-buenos-aires","tag-locales","tag-policiales","tag-san-pedro"],"aioseo_notices":[],"gutentor_comment":0,"jetpack_featured_media_url":"https:\/\/eldiariodesanpedro.com.ar\/sitio\/wp-content\/uploads\/2022\/02\/medida-8.jpg","jetpack_shortlink":"https:\/\/wp.me\/p6RhLt-r68","jetpack_sharing_enabled":true,"_links":{"self":[{"href":"https:\/\/eldiariodesanpedro.com.ar\/sitio\/wp-json\/wp\/v2\/posts\/104168","targetHints":{"allow":["GET"]}}],"collection":[{"href":"https:\/\/eldiariodesanpedro.com.ar\/sitio\/wp-json\/wp\/v2\/posts"}],"about":[{"href":"https:\/\/eldiariodesanpedro.com.ar\/sitio\/wp-json\/wp\/v2\/types\/post"}],"author":[{"embeddable":true,"href":"https:\/\/eldiariodesanpedro.com.ar\/sitio\/wp-json\/wp\/v2\/users\/4"}],"replies":[{"embeddable":true,"href":"https:\/\/eldiariodesanpedro.com.ar\/sitio\/wp-json\/wp\/v2\/comments?post=104168"}],"version-history":[{"count":1,"href":"https:\/\/eldiariodesanpedro.com.ar\/sitio\/wp-json\/wp\/v2\/posts\/104168\/revisions"}],"predecessor-version":[{"id":104170,"href":"https:\/\/eldiariodesanpedro.com.ar\/sitio\/wp-json\/wp\/v2\/posts\/104168\/revisions\/104170"}],"wp:featuredmedia":[{"embeddable":true,"href":"https:\/\/eldiariodesanpedro.com.ar\/sitio\/wp-json\/wp\/v2\/media\/104169"}],"wp:attachment":[{"href":"https:\/\/eldiariodesanpedro.com.ar\/sitio\/wp-json\/wp\/v2\/media?parent=104168"}],"wp:term":[{"taxonomy":"category","embeddable":true,"href":"https:\/\/eldiariodesanpedro.com.ar\/sitio\/wp-json\/wp\/v2\/categories?post=104168"},{"taxonomy":"post_tag","embeddable":true,"href":"https:\/\/eldiariodesanpedro.com.ar\/sitio\/wp-json\/wp\/v2\/tags?post=104168"}],"curies":[{"name":"wp","href":"https:\/\/api.w.org\/{rel}","templated":true}]}}