{"id":104166,"date":"2022-02-16T11:15:45","date_gmt":"2022-02-16T14:15:45","guid":{"rendered":"https:\/\/eldiariodesanpedro.com.ar\/sitio\/?p=104166"},"modified":"2022-02-16T11:15:46","modified_gmt":"2022-02-16T14:15:46","slug":"una-mujer-realizo-denuncia-de-amenazas-por-acoso","status":"publish","type":"post","link":"https:\/\/eldiariodesanpedro.com.ar\/sitio\/una-mujer-realizo-denuncia-de-amenazas-por-acoso\/","title":{"rendered":"Una mujer realizo denuncia de amenazas por acoso"},"content":{"rendered":"<!-- VideographyWP Plugin Message: Automatic video embedding prevented by plugin options. -->\n\n<p>Este martes una mujer realiz\u00f3 una denuncia en el destacamento de R\u00edo Tala que sufre el acoso de una persona.<\/p>\n\n\n\n<p>Este martes siendo denunci\u00f3 una mujer de 49 a\u00f1os de edad, en el Destacamento Policial de R\u00edo Tala, que a\u00f1os atr\u00e1s estuvo en una relaci\u00f3n sentimental con un masculino, quien actualmente la persigue hostigando, siendo la \u00faltima vez ayer 20 hs en calle Schalibaung y San Mart\u00edn de la vecina localidad, posee denuncias anteriores, solicita cese de hostigamiento y medida per\u00edmetro de acercamiento.&nbsp;<\/p>\n\n\n\n<p>Se dio a conocer a la Comisaria de la Mujer y la Familia.<\/p>\n","protected":false},"excerpt":{"rendered":"<p>Este martes una mujer realiz\u00f3 una denuncia en el destacamento de R\u00edo Tala que sufre el acoso de una persona. Este martes siendo denunci\u00f3 una mujer de 49 a\u00f1os de edad, en el Destacamento Policial de R\u00edo Tala, que a\u00f1os atr\u00e1s estuvo en una relaci\u00f3n sentimental con un masculino, quien actualmente la persigue hostigando, siendo [&hellip;]<\/p>\n","protected":false},"author":4,"featured_media":21853,"comment_status":"closed","ping_status":"closed","sticky":false,"template":"","format":"standard","meta":{"om_disable_all_campaigns":false,"_jetpack_memberships_contains_paid_content":false,"footnotes":""},"categories":[2,103],"tags":[197,33,95,19],"class_list":["post-104166","post","type-post","status-publish","format-standard","has-post-thumbnail","hentry","category-locales","category-policiales-locales","tag-buenos-aires","tag-locales","tag-policiales","tag-san-pedro"],"aioseo_notices":[],"gutentor_comment":0,"jetpack_featured_media_url":"https:\/\/eldiariodesanpedro.com.ar\/sitio\/wp-content\/uploads\/2017\/08\/destacamento-policial-rio-tala.jpg","jetpack_shortlink":"https:\/\/wp.me\/p6RhLt-r66","jetpack_sharing_enabled":true,"_links":{"self":[{"href":"https:\/\/eldiariodesanpedro.com.ar\/sitio\/wp-json\/wp\/v2\/posts\/104166","targetHints":{"allow":["GET"]}}],"collection":[{"href":"https:\/\/eldiariodesanpedro.com.ar\/sitio\/wp-json\/wp\/v2\/posts"}],"about":[{"href":"https:\/\/eldiariodesanpedro.com.ar\/sitio\/wp-json\/wp\/v2\/types\/post"}],"author":[{"embeddable":true,"href":"https:\/\/eldiariodesanpedro.com.ar\/sitio\/wp-json\/wp\/v2\/users\/4"}],"replies":[{"embeddable":true,"href":"https:\/\/eldiariodesanpedro.com.ar\/sitio\/wp-json\/wp\/v2\/comments?post=104166"}],"version-history":[{"count":1,"href":"https:\/\/eldiariodesanpedro.com.ar\/sitio\/wp-json\/wp\/v2\/posts\/104166\/revisions"}],"predecessor-version":[{"id":104167,"href":"https:\/\/eldiariodesanpedro.com.ar\/sitio\/wp-json\/wp\/v2\/posts\/104166\/revisions\/104167"}],"wp:featuredmedia":[{"embeddable":true,"href":"https:\/\/eldiariodesanpedro.com.ar\/sitio\/wp-json\/wp\/v2\/media\/21853"}],"wp:attachment":[{"href":"https:\/\/eldiariodesanpedro.com.ar\/sitio\/wp-json\/wp\/v2\/media?parent=104166"}],"wp:term":[{"taxonomy":"category","embeddable":true,"href":"https:\/\/eldiariodesanpedro.com.ar\/sitio\/wp-json\/wp\/v2\/categories?post=104166"},{"taxonomy":"post_tag","embeddable":true,"href":"https:\/\/eldiariodesanpedro.com.ar\/sitio\/wp-json\/wp\/v2\/tags?post=104166"}],"curies":[{"name":"wp","href":"https:\/\/api.w.org\/{rel}","templated":true}]}}