{"id":104163,"date":"2022-02-16T11:04:28","date_gmt":"2022-02-16T14:04:28","guid":{"rendered":"https:\/\/eldiariodesanpedro.com.ar\/sitio\/?p=104163"},"modified":"2022-02-16T11:04:29","modified_gmt":"2022-02-16T14:04:29","slug":"robaron-barras-y-mancuernas-en-un-gimnasio","status":"publish","type":"post","link":"https:\/\/eldiariodesanpedro.com.ar\/sitio\/robaron-barras-y-mancuernas-en-un-gimnasio\/","title":{"rendered":"Robaron barras y mancuernas en un gimnasio\u00a0"},"content":{"rendered":"<!-- VideographyWP Plugin Message: Automatic video embedding prevented by plugin options. -->\n\n<p>Este martes en la comisar\u00eda de nuestra ciudad se realiz\u00f3 la denuncia por parte del propietario de un gimnasio tras sufrir d\u00edas atr\u00e1s el robo de herramientas de trabajo.<\/p>\n\n\n\n<p>Seg\u00fan realiz\u00f3 la denuncia un ciudadano de 32 a\u00f1os propietario de un gimnasio ubicado en calle Pellegrini al 2500 el pasado domingo en horas de la madrugada delincuentes ignorados sustraen un equipo de m\u00fasica, una potencia, una notebook de gobierno, barra de pesa, no observando otro faltante, da\u00f1an puerta principal y trasera.<\/p>\n\n\n\n<p>La polic\u00eda de nuestra ciudad investiga quienes podr\u00edan ser los autores del robo.<\/p>\n","protected":false},"excerpt":{"rendered":"<p>Este martes en la comisar\u00eda de nuestra ciudad se realiz\u00f3 la denuncia por parte del propietario de un gimnasio tras sufrir d\u00edas atr\u00e1s el robo de herramientas de trabajo. Seg\u00fan realiz\u00f3 la denuncia un ciudadano de 32 a\u00f1os propietario de un gimnasio ubicado en calle Pellegrini al 2500 el pasado domingo en horas de la [&hellip;]<\/p>\n","protected":false},"author":4,"featured_media":104164,"comment_status":"closed","ping_status":"closed","sticky":false,"template":"","format":"standard","meta":{"om_disable_all_campaigns":false,"_jetpack_memberships_contains_paid_content":false,"footnotes":""},"categories":[2,103],"tags":[197,33,95,19],"class_list":["post-104163","post","type-post","status-publish","format-standard","has-post-thumbnail","hentry","category-locales","category-policiales-locales","tag-buenos-aires","tag-locales","tag-policiales","tag-san-pedro"],"aioseo_notices":[],"gutentor_comment":0,"jetpack_featured_media_url":"https:\/\/eldiariodesanpedro.com.ar\/sitio\/wp-content\/uploads\/2022\/02\/medida-2-1.jpg","jetpack_shortlink":"https:\/\/wp.me\/p6RhLt-r63","jetpack_sharing_enabled":true,"_links":{"self":[{"href":"https:\/\/eldiariodesanpedro.com.ar\/sitio\/wp-json\/wp\/v2\/posts\/104163","targetHints":{"allow":["GET"]}}],"collection":[{"href":"https:\/\/eldiariodesanpedro.com.ar\/sitio\/wp-json\/wp\/v2\/posts"}],"about":[{"href":"https:\/\/eldiariodesanpedro.com.ar\/sitio\/wp-json\/wp\/v2\/types\/post"}],"author":[{"embeddable":true,"href":"https:\/\/eldiariodesanpedro.com.ar\/sitio\/wp-json\/wp\/v2\/users\/4"}],"replies":[{"embeddable":true,"href":"https:\/\/eldiariodesanpedro.com.ar\/sitio\/wp-json\/wp\/v2\/comments?post=104163"}],"version-history":[{"count":1,"href":"https:\/\/eldiariodesanpedro.com.ar\/sitio\/wp-json\/wp\/v2\/posts\/104163\/revisions"}],"predecessor-version":[{"id":104165,"href":"https:\/\/eldiariodesanpedro.com.ar\/sitio\/wp-json\/wp\/v2\/posts\/104163\/revisions\/104165"}],"wp:featuredmedia":[{"embeddable":true,"href":"https:\/\/eldiariodesanpedro.com.ar\/sitio\/wp-json\/wp\/v2\/media\/104164"}],"wp:attachment":[{"href":"https:\/\/eldiariodesanpedro.com.ar\/sitio\/wp-json\/wp\/v2\/media?parent=104163"}],"wp:term":[{"taxonomy":"category","embeddable":true,"href":"https:\/\/eldiariodesanpedro.com.ar\/sitio\/wp-json\/wp\/v2\/categories?post=104163"},{"taxonomy":"post_tag","embeddable":true,"href":"https:\/\/eldiariodesanpedro.com.ar\/sitio\/wp-json\/wp\/v2\/tags?post=104163"}],"curies":[{"name":"wp","href":"https:\/\/api.w.org\/{rel}","templated":true}]}}