{"id":104158,"date":"2022-02-16T10:18:32","date_gmt":"2022-02-16T13:18:32","guid":{"rendered":"https:\/\/eldiariodesanpedro.com.ar\/sitio\/?p=104158"},"modified":"2022-02-16T10:18:32","modified_gmt":"2022-02-16T13:18:32","slug":"detiene-esta-manana-a-un-paraguayo-que-ingresaba-a-la-ciudad-con-cuatro-ladrillos-de-marihuana","status":"publish","type":"post","link":"https:\/\/eldiariodesanpedro.com.ar\/sitio\/detiene-esta-manana-a-un-paraguayo-que-ingresaba-a-la-ciudad-con-cuatro-ladrillos-de-marihuana\/","title":{"rendered":"Detiene esta ma\u00f1ana a un paraguayo que ingresaba a la ciudad con cuatro ladrillos de marihuana"},"content":{"rendered":"<!-- VideographyWP Plugin Message: Automatic video embedding prevented by plugin options. -->\n\n<p>A ra\u00edz de tareas investigativas inherentes a la especialidad, personal de Drogas Ilicitas San Nicol\u00e1s, con asiento en la ciudad de San Pedro, toman conocimiento de que un masculino de nacionalidad paraguaya estar\u00eda proveyendo de (marihuana) a diferentes personas de esta localidad, los cuales luego comercializaba al menudeo.<\/p>\n\n\n\n<p>Ahondadas las pesquisas y tares de investigaci\u00f3n se pudo establecer los movimientos il\u00edcitos que este realizaba, siendo que esta persona se hallaba a cargo de diferentes obras de construcci\u00f3n que se estar\u00edan desarrollando en San Pedro, ocultando as\u00ed su verdadera actividad (ventas de droga).<\/p>\n\n\n\n<p>En Horas de la ma\u00f1ana de hoy se logro interceptar el vehiculo en el cual se movilizaba junto a una femenina que reside en esta ciudad, al momento de la identificaci\u00f3n por parte de los efectivos policiales este masculino demostr\u00f3 un evidente estado de nerviosismo, en virtud a ello en presencia de un testigo se procedi\u00f3 a la requisa del veh\u00edculo pudiendo secuestrar dentro del ba\u00fal cuatro (4) ladrillos de marihuana, y dos (2) trozos compacto m\u00e1s peque\u00f1os de la misma sustancia.<\/p>\n\n\n\n<p>Puesto en conocimiento el Dr. Manso a cargo de la UFI 5 descentralizada de San Pedro, perteneciente al departamento judicial San Nicol\u00e1s,\u00a0 Conforme a los resultados obtenidos, dispuso la aprehensi\u00f3n de ambos ocupantes, los cuales ser\u00e1n indagados en las pr\u00f3ximas horas, por el delito de Tenencia de estupefacientes.<\/p>\n\n\n\n<figure class=\"wp-block-image size-full\"><img decoding=\"async\" width=\"840\" height=\"630\" data-attachment-id=\"104160\" data-permalink=\"https:\/\/eldiariodesanpedro.com.ar\/sitio\/detiene-esta-manana-a-un-paraguayo-que-ingresaba-a-la-ciudad-con-cuatro-ladrillos-de-marihuana\/droga-secuestrada\/\" data-orig-file=\"https:\/\/eldiariodesanpedro.com.ar\/sitio\/wp-content\/uploads\/2022\/02\/droga-secuestrada.jpg\" data-orig-size=\"840,630\" data-comments-opened=\"0\" data-image-meta=\"{&quot;aperture&quot;:&quot;0&quot;,&quot;credit&quot;:&quot;&quot;,&quot;camera&quot;:&quot;&quot;,&quot;caption&quot;:&quot;&quot;,&quot;created_timestamp&quot;:&quot;0&quot;,&quot;copyright&quot;:&quot;&quot;,&quot;focal_length&quot;:&quot;0&quot;,&quot;iso&quot;:&quot;0&quot;,&quot;shutter_speed&quot;:&quot;0&quot;,&quot;title&quot;:&quot;&quot;,&quot;orientation&quot;:&quot;0&quot;}\" data-image-title=\"droga-secuestrada\" data-image-description=\"\" data-image-caption=\"\" data-large-file=\"https:\/\/eldiariodesanpedro.com.ar\/sitio\/wp-content\/uploads\/2022\/02\/droga-secuestrada.jpg\" data-src=\"https:\/\/eldiariodesanpedro.com.ar\/sitio\/wp-content\/uploads\/2022\/02\/droga-secuestrada.jpg\" alt=\"\" class=\"wp-image-104160 lazyload\" data-srcset=\"https:\/\/eldiariodesanpedro.com.ar\/sitio\/wp-content\/uploads\/2022\/02\/droga-secuestrada.jpg 840w, https:\/\/eldiariodesanpedro.com.ar\/sitio\/wp-content\/uploads\/2022\/02\/droga-secuestrada-300x225.jpg 300w, https:\/\/eldiariodesanpedro.com.ar\/sitio\/wp-content\/uploads\/2022\/02\/droga-secuestrada-768x576.jpg 768w\" data-sizes=\"(max-width: 840px) 100vw, 840px\" src=\"data:image\/svg+xml;base64,PHN2ZyB3aWR0aD0iMSIgaGVpZ2h0PSIxIiB4bWxucz0iaHR0cDovL3d3dy53My5vcmcvMjAwMC9zdmciPjwvc3ZnPg==\" style=\"--smush-placeholder-width: 840px; --smush-placeholder-aspect-ratio: 840\/630;\" \/><\/figure>\n\n\n\n<figure class=\"wp-block-image size-full\"><img decoding=\"async\" width=\"473\" height=\"630\" data-attachment-id=\"104161\" data-permalink=\"https:\/\/eldiariodesanpedro.com.ar\/sitio\/detiene-esta-manana-a-un-paraguayo-que-ingresaba-a-la-ciudad-con-cuatro-ladrillos-de-marihuana\/whatsapp-image-2022-02-16-at-10-13-29-3\/\" data-orig-file=\"https:\/\/eldiariodesanpedro.com.ar\/sitio\/wp-content\/uploads\/2022\/02\/WhatsApp-Image-2022-02-16-at-10.13.29-3.jpeg\" data-orig-size=\"473,630\" data-comments-opened=\"0\" data-image-meta=\"{&quot;aperture&quot;:&quot;0&quot;,&quot;credit&quot;:&quot;&quot;,&quot;camera&quot;:&quot;&quot;,&quot;caption&quot;:&quot;&quot;,&quot;created_timestamp&quot;:&quot;0&quot;,&quot;copyright&quot;:&quot;&quot;,&quot;focal_length&quot;:&quot;0&quot;,&quot;iso&quot;:&quot;0&quot;,&quot;shutter_speed&quot;:&quot;0&quot;,&quot;title&quot;:&quot;&quot;,&quot;orientation&quot;:&quot;0&quot;}\" data-image-title=\"WhatsApp Image 2022-02-16 at 10.13.29 (3)\" data-image-description=\"\" data-image-caption=\"\" data-large-file=\"https:\/\/eldiariodesanpedro.com.ar\/sitio\/wp-content\/uploads\/2022\/02\/WhatsApp-Image-2022-02-16-at-10.13.29-3.jpeg\" data-src=\"https:\/\/eldiariodesanpedro.com.ar\/sitio\/wp-content\/uploads\/2022\/02\/WhatsApp-Image-2022-02-16-at-10.13.29-3.jpeg\" alt=\"\" class=\"wp-image-104161 lazyload\" data-srcset=\"https:\/\/eldiariodesanpedro.com.ar\/sitio\/wp-content\/uploads\/2022\/02\/WhatsApp-Image-2022-02-16-at-10.13.29-3.jpeg 473w, https:\/\/eldiariodesanpedro.com.ar\/sitio\/wp-content\/uploads\/2022\/02\/WhatsApp-Image-2022-02-16-at-10.13.29-3-225x300.jpeg 225w\" data-sizes=\"(max-width: 473px) 100vw, 473px\" src=\"data:image\/svg+xml;base64,PHN2ZyB3aWR0aD0iMSIgaGVpZ2h0PSIxIiB4bWxucz0iaHR0cDovL3d3dy53My5vcmcvMjAwMC9zdmciPjwvc3ZnPg==\" style=\"--smush-placeholder-width: 473px; --smush-placeholder-aspect-ratio: 473\/630;\" \/><\/figure>\n","protected":false},"excerpt":{"rendered":"<p>A ra\u00edz de tareas investigativas inherentes a la especialidad, personal de Drogas Ilicitas San Nicol\u00e1s, con asiento en la ciudad de San Pedro, toman conocimiento de que un masculino de nacionalidad paraguaya estar\u00eda proveyendo de (marihuana) a diferentes personas de esta localidad, los cuales luego comercializaba al menudeo. Ahondadas las pesquisas y tares de investigaci\u00f3n [&hellip;]<\/p>\n","protected":false},"author":4,"featured_media":104159,"comment_status":"closed","ping_status":"closed","sticky":false,"template":"","format":"standard","meta":{"om_disable_all_campaigns":false,"_jetpack_memberships_contains_paid_content":false,"footnotes":""},"categories":[50,2,103],"tags":[197,696,33,19],"class_list":["post-104158","post","type-post","status-publish","format-standard","has-post-thumbnail","hentry","category-destacadas","category-locales","category-policiales-locales","tag-buenos-aires","tag-interes-general","tag-locales","tag-san-pedro"],"aioseo_notices":[],"gutentor_comment":0,"jetpack_featured_media_url":"https:\/\/eldiariodesanpedro.com.ar\/sitio\/wp-content\/uploads\/2022\/02\/aprehendidos-cn-droga.jpg","jetpack_shortlink":"https:\/\/wp.me\/p6RhLt-r5Y","jetpack_sharing_enabled":true,"_links":{"self":[{"href":"https:\/\/eldiariodesanpedro.com.ar\/sitio\/wp-json\/wp\/v2\/posts\/104158","targetHints":{"allow":["GET"]}}],"collection":[{"href":"https:\/\/eldiariodesanpedro.com.ar\/sitio\/wp-json\/wp\/v2\/posts"}],"about":[{"href":"https:\/\/eldiariodesanpedro.com.ar\/sitio\/wp-json\/wp\/v2\/types\/post"}],"author":[{"embeddable":true,"href":"https:\/\/eldiariodesanpedro.com.ar\/sitio\/wp-json\/wp\/v2\/users\/4"}],"replies":[{"embeddable":true,"href":"https:\/\/eldiariodesanpedro.com.ar\/sitio\/wp-json\/wp\/v2\/comments?post=104158"}],"version-history":[{"count":1,"href":"https:\/\/eldiariodesanpedro.com.ar\/sitio\/wp-json\/wp\/v2\/posts\/104158\/revisions"}],"predecessor-version":[{"id":104162,"href":"https:\/\/eldiariodesanpedro.com.ar\/sitio\/wp-json\/wp\/v2\/posts\/104158\/revisions\/104162"}],"wp:featuredmedia":[{"embeddable":true,"href":"https:\/\/eldiariodesanpedro.com.ar\/sitio\/wp-json\/wp\/v2\/media\/104159"}],"wp:attachment":[{"href":"https:\/\/eldiariodesanpedro.com.ar\/sitio\/wp-json\/wp\/v2\/media?parent=104158"}],"wp:term":[{"taxonomy":"category","embeddable":true,"href":"https:\/\/eldiariodesanpedro.com.ar\/sitio\/wp-json\/wp\/v2\/categories?post=104158"},{"taxonomy":"post_tag","embeddable":true,"href":"https:\/\/eldiariodesanpedro.com.ar\/sitio\/wp-json\/wp\/v2\/tags?post=104158"}],"curies":[{"name":"wp","href":"https:\/\/api.w.org\/{rel}","templated":true}]}}