{"id":104153,"date":"2022-02-16T09:38:49","date_gmt":"2022-02-16T12:38:49","guid":{"rendered":"https:\/\/eldiariodesanpedro.com.ar\/sitio\/?p=104153"},"modified":"2022-02-16T09:38:50","modified_gmt":"2022-02-16T12:38:50","slug":"el-parador-recreo-de-san-pedro-inicia-la-octava-y-ultima-semana-con-actividades-y-shows-para-toda-la-familia","status":"publish","type":"post","link":"https:\/\/eldiariodesanpedro.com.ar\/sitio\/el-parador-recreo-de-san-pedro-inicia-la-octava-y-ultima-semana-con-actividades-y-shows-para-toda-la-familia\/","title":{"rendered":"El Parador ReCreo de San Pedro inicia la octava y \u00faltima semana con actividades y shows para toda la familia"},"content":{"rendered":"<!-- VideographyWP Plugin Message: Automatic video embedding prevented by plugin options. -->\n\n<p>El espacio dispuesto por la Provincia en San Pedro en el marco del programa ReCreo inicia su \u00faltima semana de juegos, talleres y propuestas art\u00edsticas.<\/p>\n\n\n\n<p>El Ministerio de Producci\u00f3n, Ciencia e Innovaci\u00f3n Tecnol\u00f3gica bonaerense comunic\u00f3 las actividades que el Parador ReCreo de San Pedro brindar\u00e1 esta semana. Las mismas incluyen clases de baile, circuito de entrenamiento, mega juegos, trivia ReCreo y coreograf\u00edas de TikTok; talleres de clown, arte, percusi\u00f3n, reciclaje, origami y magia, entre otros; y un espacio l\u00fadico con \u00e1reas de sombra y plazas de juegos con bungee jumping, tejos, strike 360\u00b0, plaza blanda y camas el\u00e1sticas.<\/p>\n\n\n\n<p>Para cerrar estas ocho semanas a puro verano y diversi\u00f3n, el Parador ReCreo de San Pedro recibe al talentoso Bruno Arias, un referente del folklore que renueva ritmos de su regi\u00f3n como el huayno, el bailecito y el carnavalito y subir\u00e1 al escenario ReCreo el s\u00e1bado 19 a las 20.<\/p>\n\n\n\n<p>Adem\u00e1s, en el marco de la programaci\u00f3n de C\u00f3digo Provincia, la pol\u00edtica de promoci\u00f3n de la cultura bonaerense que visibiliza a m\u00fasicas y m\u00fasicos locales, est\u00e1n programados los shows de Mar\u00eda Campos (jueves 17) y Fede Moura (viernes 18) a las 20.<\/p>\n\n\n\n<p>Por su parte, la agenda de espect\u00e1culos infantiles se despide con una funci\u00f3n de La banda de las corbatas y su repertorio de m\u00fasica popular (domingo 20 a las 19.30).<\/p>\n\n\n\n<p>El programa ReCreo impulsa una plataforma para la difusi\u00f3n de la agenda cultural y tur\u00edstica en los 135 municipios de la Provincia durante todo el a\u00f1o y este verano activa una programaci\u00f3n espec\u00edfica de shows, talleres y propuestas recreativas que acompa\u00f1an a los ya tradicionales destinos tur\u00edsticos del territorio bonaerense con el despliegue de otros cinco paradores ubicados en: Mar del Plata, Monte Hermoso, Tandil, Ensenada, La Costa y Tandil.<\/p>\n\n\n\n<p>La entrada a cada uno de los Paradores ReCreo, as\u00ed como todas sus actividades, es libre y gratuita.<\/p>\n\n\n\n<p>ReCreo es una pol\u00edtica p\u00fablica impulsada por la Provincia junto a los 135 municipios bonaerenses con el fin de reactivar la econom\u00eda regional, el Turismo y la Cultura. Pero tambi\u00e9n una plataforma digital y una aplicaci\u00f3n m\u00f3vil de geolocalizaci\u00f3n que te permite acceder a la agenda cultural, destinos tur\u00edsticos y beneficios de todo el territorio provincial en un solo lugar.<\/p>\n\n\n\n<p>ReCreo en la Provincia est\u00e1 disponible para descarga en:<\/p>\n\n\n\n<p><a href=\"https:\/\/recreo.gba.gob.ar\/descargar\">https:\/\/recreo.gba.gob.ar\/descargar<\/a><\/p>\n\n\n\n<figure class=\"wp-block-image size-full\"><img decoding=\"async\" width=\"630\" height=\"630\" data-attachment-id=\"104155\" data-permalink=\"https:\/\/eldiariodesanpedro.com.ar\/sitio\/el-parador-recreo-de-san-pedro-inicia-la-octava-y-ultima-semana-con-actividades-y-shows-para-toda-la-familia\/whatsapp-image-2022-02-16-at-09-16-31\/\" data-orig-file=\"https:\/\/eldiariodesanpedro.com.ar\/sitio\/wp-content\/uploads\/2022\/02\/WhatsApp-Image-2022-02-16-at-09.16.31.jpeg\" data-orig-size=\"630,630\" data-comments-opened=\"0\" data-image-meta=\"{&quot;aperture&quot;:&quot;0&quot;,&quot;credit&quot;:&quot;&quot;,&quot;camera&quot;:&quot;&quot;,&quot;caption&quot;:&quot;&quot;,&quot;created_timestamp&quot;:&quot;0&quot;,&quot;copyright&quot;:&quot;&quot;,&quot;focal_length&quot;:&quot;0&quot;,&quot;iso&quot;:&quot;0&quot;,&quot;shutter_speed&quot;:&quot;0&quot;,&quot;title&quot;:&quot;&quot;,&quot;orientation&quot;:&quot;0&quot;}\" data-image-title=\"WhatsApp Image 2022-02-16 at 09.16.31\" data-image-description=\"\" data-image-caption=\"\" data-large-file=\"https:\/\/eldiariodesanpedro.com.ar\/sitio\/wp-content\/uploads\/2022\/02\/WhatsApp-Image-2022-02-16-at-09.16.31.jpeg\" data-src=\"https:\/\/eldiariodesanpedro.com.ar\/sitio\/wp-content\/uploads\/2022\/02\/WhatsApp-Image-2022-02-16-at-09.16.31.jpeg\" alt=\"\" class=\"wp-image-104155 lazyload\" data-srcset=\"https:\/\/eldiariodesanpedro.com.ar\/sitio\/wp-content\/uploads\/2022\/02\/WhatsApp-Image-2022-02-16-at-09.16.31.jpeg 630w, https:\/\/eldiariodesanpedro.com.ar\/sitio\/wp-content\/uploads\/2022\/02\/WhatsApp-Image-2022-02-16-at-09.16.31-300x300.jpeg 300w, https:\/\/eldiariodesanpedro.com.ar\/sitio\/wp-content\/uploads\/2022\/02\/WhatsApp-Image-2022-02-16-at-09.16.31-150x150.jpeg 150w\" data-sizes=\"(max-width: 630px) 100vw, 630px\" src=\"data:image\/svg+xml;base64,PHN2ZyB3aWR0aD0iMSIgaGVpZ2h0PSIxIiB4bWxucz0iaHR0cDovL3d3dy53My5vcmcvMjAwMC9zdmciPjwvc3ZnPg==\" style=\"--smush-placeholder-width: 630px; --smush-placeholder-aspect-ratio: 630\/630;\" \/><\/figure>\n\n\n\n<figure class=\"wp-block-image size-full\"><img decoding=\"async\" width=\"630\" height=\"630\" data-attachment-id=\"104156\" data-permalink=\"https:\/\/eldiariodesanpedro.com.ar\/sitio\/el-parador-recreo-de-san-pedro-inicia-la-octava-y-ultima-semana-con-actividades-y-shows-para-toda-la-familia\/whatsapp-image-2022-02-16-at-09-16-32\/\" data-orig-file=\"https:\/\/eldiariodesanpedro.com.ar\/sitio\/wp-content\/uploads\/2022\/02\/WhatsApp-Image-2022-02-16-at-09.16.32.jpeg\" data-orig-size=\"630,630\" data-comments-opened=\"0\" data-image-meta=\"{&quot;aperture&quot;:&quot;0&quot;,&quot;credit&quot;:&quot;&quot;,&quot;camera&quot;:&quot;&quot;,&quot;caption&quot;:&quot;&quot;,&quot;created_timestamp&quot;:&quot;0&quot;,&quot;copyright&quot;:&quot;&quot;,&quot;focal_length&quot;:&quot;0&quot;,&quot;iso&quot;:&quot;0&quot;,&quot;shutter_speed&quot;:&quot;0&quot;,&quot;title&quot;:&quot;&quot;,&quot;orientation&quot;:&quot;0&quot;}\" data-image-title=\"WhatsApp Image 2022-02-16 at 09.16.32\" data-image-description=\"\" data-image-caption=\"\" data-large-file=\"https:\/\/eldiariodesanpedro.com.ar\/sitio\/wp-content\/uploads\/2022\/02\/WhatsApp-Image-2022-02-16-at-09.16.32.jpeg\" data-src=\"https:\/\/eldiariodesanpedro.com.ar\/sitio\/wp-content\/uploads\/2022\/02\/WhatsApp-Image-2022-02-16-at-09.16.32.jpeg\" alt=\"\" class=\"wp-image-104156 lazyload\" data-srcset=\"https:\/\/eldiariodesanpedro.com.ar\/sitio\/wp-content\/uploads\/2022\/02\/WhatsApp-Image-2022-02-16-at-09.16.32.jpeg 630w, https:\/\/eldiariodesanpedro.com.ar\/sitio\/wp-content\/uploads\/2022\/02\/WhatsApp-Image-2022-02-16-at-09.16.32-300x300.jpeg 300w, https:\/\/eldiariodesanpedro.com.ar\/sitio\/wp-content\/uploads\/2022\/02\/WhatsApp-Image-2022-02-16-at-09.16.32-150x150.jpeg 150w\" data-sizes=\"(max-width: 630px) 100vw, 630px\" src=\"data:image\/svg+xml;base64,PHN2ZyB3aWR0aD0iMSIgaGVpZ2h0PSIxIiB4bWxucz0iaHR0cDovL3d3dy53My5vcmcvMjAwMC9zdmciPjwvc3ZnPg==\" style=\"--smush-placeholder-width: 630px; --smush-placeholder-aspect-ratio: 630\/630;\" \/><\/figure>\n","protected":false},"excerpt":{"rendered":"<p>El espacio dispuesto por la Provincia en San Pedro en el marco del programa ReCreo inicia su \u00faltima semana de juegos, talleres y propuestas art\u00edsticas. El Ministerio de Producci\u00f3n, Ciencia e Innovaci\u00f3n Tecnol\u00f3gica bonaerense comunic\u00f3 las actividades que el Parador ReCreo de San Pedro brindar\u00e1 esta semana. Las mismas incluyen clases de baile, circuito de [&hellip;]<\/p>\n","protected":false},"author":4,"featured_media":104154,"comment_status":"closed","ping_status":"closed","sticky":false,"template":"","format":"standard","meta":{"om_disable_all_campaigns":false,"_jetpack_memberships_contains_paid_content":false,"footnotes":""},"categories":[50,101,2],"tags":[197,696,33,2695,19],"class_list":["post-104153","post","type-post","status-publish","format-standard","has-post-thumbnail","hentry","category-destacadas","category-interes-general-locales","category-locales","tag-buenos-aires","tag-interes-general","tag-locales","tag-recreo","tag-san-pedro"],"aioseo_notices":[],"gutentor_comment":0,"jetpack_featured_media_url":"https:\/\/eldiariodesanpedro.com.ar\/sitio\/wp-content\/uploads\/2022\/02\/87129787_128525942030022_5343242850152742912_n.jpg","jetpack_shortlink":"https:\/\/wp.me\/p6RhLt-r5T","jetpack_sharing_enabled":true,"_links":{"self":[{"href":"https:\/\/eldiariodesanpedro.com.ar\/sitio\/wp-json\/wp\/v2\/posts\/104153","targetHints":{"allow":["GET"]}}],"collection":[{"href":"https:\/\/eldiariodesanpedro.com.ar\/sitio\/wp-json\/wp\/v2\/posts"}],"about":[{"href":"https:\/\/eldiariodesanpedro.com.ar\/sitio\/wp-json\/wp\/v2\/types\/post"}],"author":[{"embeddable":true,"href":"https:\/\/eldiariodesanpedro.com.ar\/sitio\/wp-json\/wp\/v2\/users\/4"}],"replies":[{"embeddable":true,"href":"https:\/\/eldiariodesanpedro.com.ar\/sitio\/wp-json\/wp\/v2\/comments?post=104153"}],"version-history":[{"count":1,"href":"https:\/\/eldiariodesanpedro.com.ar\/sitio\/wp-json\/wp\/v2\/posts\/104153\/revisions"}],"predecessor-version":[{"id":104157,"href":"https:\/\/eldiariodesanpedro.com.ar\/sitio\/wp-json\/wp\/v2\/posts\/104153\/revisions\/104157"}],"wp:featuredmedia":[{"embeddable":true,"href":"https:\/\/eldiariodesanpedro.com.ar\/sitio\/wp-json\/wp\/v2\/media\/104154"}],"wp:attachment":[{"href":"https:\/\/eldiariodesanpedro.com.ar\/sitio\/wp-json\/wp\/v2\/media?parent=104153"}],"wp:term":[{"taxonomy":"category","embeddable":true,"href":"https:\/\/eldiariodesanpedro.com.ar\/sitio\/wp-json\/wp\/v2\/categories?post=104153"},{"taxonomy":"post_tag","embeddable":true,"href":"https:\/\/eldiariodesanpedro.com.ar\/sitio\/wp-json\/wp\/v2\/tags?post=104153"}],"curies":[{"name":"wp","href":"https:\/\/api.w.org\/{rel}","templated":true}]}}