{"id":104051,"date":"2022-02-14T09:00:00","date_gmt":"2022-02-14T12:00:00","guid":{"rendered":"https:\/\/eldiariodesanpedro.com.ar\/sitio\/?p=104051"},"modified":"2022-02-14T12:38:45","modified_gmt":"2022-02-14T15:38:45","slug":"convocatoria-a-asamblea-general-ordinaria-del-sindicato-del-personal-de-industrias-quimicas-de-san-pedro","status":"publish","type":"post","link":"https:\/\/eldiariodesanpedro.com.ar\/sitio\/convocatoria-a-asamblea-general-ordinaria-del-sindicato-del-personal-de-industrias-quimicas-de-san-pedro\/","title":{"rendered":"Convocatoria a Asamblea General Ordinaria del Sindicato del Personal de Industrias Qu\u00edmicas de San Pedro"},"content":{"rendered":"<!-- VideographyWP Plugin Message: Automatic video embedding prevented by plugin options. -->\n\n<h2 class=\"has-text-align-center wp-block-heading\" id=\"convocatoria\"><strong>CONVOCATORIA<\/strong><\/h2>\n\n\n\n<p>Conforme a lo normado por el Estatuto Social, la Comisi\u00f3n Directiva convoca a todos los afiliados al Sindicato del Personal de Industrias Qu\u00edmicas de San Pedro a la ASAMBLEA GENERAL ORDINARIA que se llevar\u00e1 a cabo el jueves 28 de abril de 2022 en el horario de 12:00 hs. en la Delegaci\u00f3n ubicada en calle Cesar D\u00edaz 1055 de la localidad de Bel\u00e9n de Escobar.&nbsp;<\/p>\n\n\n\n<h2 class=\"has-text-align-center wp-block-heading\" id=\"orden-del-dia\"><strong>ORDEN DEL D\u00cdA<\/strong><\/h2>\n\n\n\n<p>1. Constituci\u00f3n de la Asamblea (Art. 17 La asamblea se constituir\u00e1 con la presencia de la mitad m\u00e1s uno de los socios. Luego de una hora el qu\u00f3rum se lograr\u00e1 con los afiliados presentes). <br>2. Apertura de la sesi\u00f3n, con la direcci\u00f3n del debate a cargo del Secretario General (Art. 25). <br>3. Consideraci\u00f3n de la MEMORIA Y BALANCE GENERAL correspondiente a los ejercicios: 1) 31 de diciembre de 2018 al 30 de diciembre de 2019 2) 31 de diciembre de 2019 al 30 de diciembre de 2020 3) 31 de diciembre de 2020 al 30 de diciembre de 2021. (Art. 16). <br>4. Designaci\u00f3n de dos (2) afiliados presentes para firmar el acta de resoluci\u00f3n de la Asamblea.\u00a0 <br>5. Clausura de la Asamblea.\u00a0<\/p>\n\n\n\n<div class=\"wp-block-image\"><figure class=\"alignleft size-full is-resized\"><img decoding=\"async\" data-attachment-id=\"104053\" data-permalink=\"https:\/\/eldiariodesanpedro.com.ar\/sitio\/convocatoria-a-asamblea-general-ordinaria-del-sindicato-del-personal-de-industrias-quimicas-de-san-pedro\/firma-5\/\" data-orig-file=\"https:\/\/eldiariodesanpedro.com.ar\/sitio\/wp-content\/uploads\/2022\/02\/firma.png\" data-orig-size=\"571,538\" data-comments-opened=\"0\" data-image-meta=\"{&quot;aperture&quot;:&quot;0&quot;,&quot;credit&quot;:&quot;&quot;,&quot;camera&quot;:&quot;&quot;,&quot;caption&quot;:&quot;&quot;,&quot;created_timestamp&quot;:&quot;0&quot;,&quot;copyright&quot;:&quot;&quot;,&quot;focal_length&quot;:&quot;0&quot;,&quot;iso&quot;:&quot;0&quot;,&quot;shutter_speed&quot;:&quot;0&quot;,&quot;title&quot;:&quot;&quot;,&quot;orientation&quot;:&quot;0&quot;}\" data-image-title=\"firma\" data-image-description=\"\" data-image-caption=\"\" data-large-file=\"https:\/\/eldiariodesanpedro.com.ar\/sitio\/wp-content\/uploads\/2022\/02\/firma.png\" data-src=\"https:\/\/eldiariodesanpedro.com.ar\/sitio\/wp-content\/uploads\/2022\/02\/firma.png\" alt=\"\" class=\"wp-image-104053 lazyload\" width=\"112\" height=\"106\" data-srcset=\"https:\/\/eldiariodesanpedro.com.ar\/sitio\/wp-content\/uploads\/2022\/02\/firma.png 571w, https:\/\/eldiariodesanpedro.com.ar\/sitio\/wp-content\/uploads\/2022\/02\/firma-300x283.png 300w\" data-sizes=\"(max-width: 112px) 100vw, 112px\" src=\"data:image\/svg+xml;base64,PHN2ZyB3aWR0aD0iMSIgaGVpZ2h0PSIxIiB4bWxucz0iaHR0cDovL3d3dy53My5vcmcvMjAwMC9zdmciPjwvc3ZnPg==\" style=\"--smush-placeholder-width: 112px; --smush-placeholder-aspect-ratio: 112\/106;\" \/><figcaption>GABRIEL GOMEZ &#8211; Secretario Gremial<\/figcaption><\/figure><\/div>\n","protected":false},"excerpt":{"rendered":"<p>CONVOCATORIA Conforme a lo normado por el Estatuto Social, la Comisi\u00f3n Directiva convoca a todos los afiliados al Sindicato del Personal de Industrias Qu\u00edmicas de San Pedro a la ASAMBLEA GENERAL ORDINARIA que se llevar\u00e1 a cabo el jueves 28 de abril de 2022 en el horario de 12:00 hs. en la Delegaci\u00f3n ubicada en [&hellip;]<\/p>\n","protected":false},"author":4,"featured_media":104054,"comment_status":"closed","ping_status":"closed","sticky":false,"template":"","format":"standard","meta":{"om_disable_all_campaigns":false,"_jetpack_memberships_contains_paid_content":false,"footnotes":""},"categories":[678,676],"tags":[197,2688,1121,1355,19],"class_list":["post-104051","post","type-post","status-publish","format-standard","has-post-thumbnail","hentry","category-convocatorias","category-edictos","tag-buenos-aires","tag-convocatoria-a-asamblea-general-ordinaria-del-sindicato-del-personal-de-industrias-quimicas-de-san-pedro","tag-edicto","tag-judiciales","tag-san-pedro"],"aioseo_notices":[],"gutentor_comment":0,"jetpack_featured_media_url":"https:\/\/eldiariodesanpedro.com.ar\/sitio\/wp-content\/uploads\/2022\/02\/Sindicato-de-quimicos-San-Pedro-2022.jpg","jetpack_shortlink":"https:\/\/wp.me\/p6RhLt-r4f","jetpack_sharing_enabled":true,"_links":{"self":[{"href":"https:\/\/eldiariodesanpedro.com.ar\/sitio\/wp-json\/wp\/v2\/posts\/104051","targetHints":{"allow":["GET"]}}],"collection":[{"href":"https:\/\/eldiariodesanpedro.com.ar\/sitio\/wp-json\/wp\/v2\/posts"}],"about":[{"href":"https:\/\/eldiariodesanpedro.com.ar\/sitio\/wp-json\/wp\/v2\/types\/post"}],"author":[{"embeddable":true,"href":"https:\/\/eldiariodesanpedro.com.ar\/sitio\/wp-json\/wp\/v2\/users\/4"}],"replies":[{"embeddable":true,"href":"https:\/\/eldiariodesanpedro.com.ar\/sitio\/wp-json\/wp\/v2\/comments?post=104051"}],"version-history":[{"count":2,"href":"https:\/\/eldiariodesanpedro.com.ar\/sitio\/wp-json\/wp\/v2\/posts\/104051\/revisions"}],"predecessor-version":[{"id":104056,"href":"https:\/\/eldiariodesanpedro.com.ar\/sitio\/wp-json\/wp\/v2\/posts\/104051\/revisions\/104056"}],"wp:featuredmedia":[{"embeddable":true,"href":"https:\/\/eldiariodesanpedro.com.ar\/sitio\/wp-json\/wp\/v2\/media\/104054"}],"wp:attachment":[{"href":"https:\/\/eldiariodesanpedro.com.ar\/sitio\/wp-json\/wp\/v2\/media?parent=104051"}],"wp:term":[{"taxonomy":"category","embeddable":true,"href":"https:\/\/eldiariodesanpedro.com.ar\/sitio\/wp-json\/wp\/v2\/categories?post=104051"},{"taxonomy":"post_tag","embeddable":true,"href":"https:\/\/eldiariodesanpedro.com.ar\/sitio\/wp-json\/wp\/v2\/tags?post=104051"}],"curies":[{"name":"wp","href":"https:\/\/api.w.org\/{rel}","templated":true}]}}