{"id":104047,"date":"2022-02-14T11:48:38","date_gmt":"2022-02-14T14:48:38","guid":{"rendered":"https:\/\/eldiariodesanpedro.com.ar\/sitio\/?p=104047"},"modified":"2022-02-14T11:48:39","modified_gmt":"2022-02-14T14:48:39","slug":"edicto-de-sucesion-de-reynold-roberto-raul","status":"publish","type":"post","link":"https:\/\/eldiariodesanpedro.com.ar\/sitio\/edicto-de-sucesion-de-reynold-roberto-raul\/","title":{"rendered":"Edicto de Sucesi\u00f3n de Reynold Roberto Raul"},"content":{"rendered":"<!-- VideographyWP Plugin Message: Automatic video embedding prevented by plugin options. -->\n\n<p>El Juzgado de Paz letrado de Baradero, del Departamento Judicial de San Nicol\u00e1s, cita y emplaza por treinta d\u00edas (30) a herederos y acreedores de <strong>Reynold Roberto Raul<\/strong>, Baradero, 14 de febrero 2022.<\/p>\n\n\n\n<p>ESTEBAN OMAR PERUSINA<br>ABOGADO SECRETARIO<\/p>\n\n\n\n<p>(Publicaci\u00f3n v\u00e1lida para los d\u00edas 14, 15 y 16 de febrero de 2021)<br><a href=\"https:\/\/notificaciones.scba.gov.ar\/verificarnotificacion.aspx?codNotif=9h36x8\">https:\/\/notificaciones.scba.gov.ar\/verificarnotificacion.aspx?codNotif=9h36x8<\/a><\/p>\n","protected":false},"excerpt":{"rendered":"<p>El Juzgado de Paz letrado de Baradero, del Departamento Judicial de San Nicol\u00e1s, cita y emplaza por treinta d\u00edas (30) a herederos y acreedores de Reynold Roberto Raul, Baradero, 14 de febrero 2022. ESTEBAN OMAR PERUSINAABOGADO SECRETARIO (Publicaci\u00f3n v\u00e1lida para los d\u00edas 14, 15 y 16 de febrero de 2021)https:\/\/notificaciones.scba.gov.ar\/verificarnotificacion.aspx?codNotif=9h36x8<\/p>\n","protected":false},"author":4,"featured_media":102746,"comment_status":"closed","ping_status":"closed","sticky":false,"template":"","format":"standard","meta":{"om_disable_all_campaigns":false,"_jetpack_memberships_contains_paid_content":false,"footnotes":""},"categories":[676,677],"tags":[197,1121,1355,33,19],"class_list":["post-104047","post","type-post","status-publish","format-standard","has-post-thumbnail","hentry","category-edictos","category-edictos-sucesorios","tag-buenos-aires","tag-edicto","tag-judiciales","tag-locales","tag-san-pedro"],"aioseo_notices":[],"gutentor_comment":0,"jetpack_featured_media_url":"https:\/\/eldiariodesanpedro.com.ar\/sitio\/wp-content\/uploads\/2022\/01\/EDICTO.jpg","jetpack_shortlink":"https:\/\/wp.me\/p6RhLt-r4b","jetpack_sharing_enabled":true,"_links":{"self":[{"href":"https:\/\/eldiariodesanpedro.com.ar\/sitio\/wp-json\/wp\/v2\/posts\/104047","targetHints":{"allow":["GET"]}}],"collection":[{"href":"https:\/\/eldiariodesanpedro.com.ar\/sitio\/wp-json\/wp\/v2\/posts"}],"about":[{"href":"https:\/\/eldiariodesanpedro.com.ar\/sitio\/wp-json\/wp\/v2\/types\/post"}],"author":[{"embeddable":true,"href":"https:\/\/eldiariodesanpedro.com.ar\/sitio\/wp-json\/wp\/v2\/users\/4"}],"replies":[{"embeddable":true,"href":"https:\/\/eldiariodesanpedro.com.ar\/sitio\/wp-json\/wp\/v2\/comments?post=104047"}],"version-history":[{"count":1,"href":"https:\/\/eldiariodesanpedro.com.ar\/sitio\/wp-json\/wp\/v2\/posts\/104047\/revisions"}],"predecessor-version":[{"id":104048,"href":"https:\/\/eldiariodesanpedro.com.ar\/sitio\/wp-json\/wp\/v2\/posts\/104047\/revisions\/104048"}],"wp:featuredmedia":[{"embeddable":true,"href":"https:\/\/eldiariodesanpedro.com.ar\/sitio\/wp-json\/wp\/v2\/media\/102746"}],"wp:attachment":[{"href":"https:\/\/eldiariodesanpedro.com.ar\/sitio\/wp-json\/wp\/v2\/media?parent=104047"}],"wp:term":[{"taxonomy":"category","embeddable":true,"href":"https:\/\/eldiariodesanpedro.com.ar\/sitio\/wp-json\/wp\/v2\/categories?post=104047"},{"taxonomy":"post_tag","embeddable":true,"href":"https:\/\/eldiariodesanpedro.com.ar\/sitio\/wp-json\/wp\/v2\/tags?post=104047"}],"curies":[{"name":"wp","href":"https:\/\/api.w.org\/{rel}","templated":true}]}}