{"id":104042,"date":"2022-02-11T19:21:44","date_gmt":"2022-02-11T22:21:44","guid":{"rendered":"https:\/\/eldiariodesanpedro.com.ar\/sitio\/?p=104042"},"modified":"2022-02-11T19:21:45","modified_gmt":"2022-02-11T22:21:45","slug":"edicto-de-umeres-jose-antonio-c-castagnola-mauricio-y-otro-a-s-danos-y-perjuicios-autom-c-les-o-muerte","status":"publish","type":"post","link":"https:\/\/eldiariodesanpedro.com.ar\/sitio\/edicto-de-umeres-jose-antonio-c-castagnola-mauricio-y-otro-a-s-danos-y-perjuicios-autom-c-les-o-muerte\/","title":{"rendered":"Edicto de Umeres Jose Antonio c\/ Castagnola Mauricio y otro\/a s\/da\u00f1os y perjuicios autom. c\/Les o Muerte"},"content":{"rendered":"<!-- VideographyWP Plugin Message: Automatic video embedding prevented by plugin options. -->\n\n<p>El Juzgado Civil y Comercial N\u00ba 3 de San Nicol\u00e1s, Secretar\u00eda \u00danica, con domicilio en Pellegrini 68 piso 1, de la ciudad de San Nicol\u00e1s, a los efectos que proceda a publicar Edicto por el t\u00e9rmino de dos d\u00edas conforme lo normado en el Art. 129 del C.P.P. a fin de notificar al Sr. <strong>Mauricio Castagnola<\/strong> por edictos. A continuaci\u00f3n, se transcribe la resoluci\u00f3n a notificar: \u201cSan Nicol\u00e1s, 05 de julio de 2018. &#8212;Y Vistos: \u2026Atento lo peticionado a fs. 71 lo que resulta de la c\u00e9dula de fs. 69\/70, e informando el actuario en este acto encontrarse vencido el t\u00e9rmino acordado al citado <strong>Mauricio Castagnola<\/strong> para comparecer a estar a derecho sin que lo hubiese efectuado, d\u00e1rsele por perdido el derecho que para hacerlo ten\u00eda y en m\u00e9rito a lo que determina el art. 59 del C.P.C., decl\u00e1rase rebelde.\u201d Fdo. Alicia Maria Gavotti. Jueza en lo Civil y Comercial.(Cuerpo de Magistrados Suplentes) \u201cSan Nicol\u00e1s, 27 de diciembre de 2021.&#8211;T\u00e9ngase presente y l\u00edbrese el edicto que se solicita el que se publicar\u00e1 por un per\u00edodo de dos d\u00edas.- Fdo. Magni Esteban Luis Juez.-<\/p>\n\n\n\n<p>CARCURO ANTONELA YAEL<br>AUXILIAR LETRADO<\/p>\n\n\n\n<p>(Publicaci\u00f3n v\u00e1lida para los d\u00edas 11 y 12 de febrero de 2022)<br><a href=\"https:\/\/notificaciones.scba.gov.ar\/verificarnotificacion.aspx?codNotif=EV7136\">https:\/\/notificaciones.scba.gov.ar\/verificarnotificacion.aspx?codNotif=EV7136<\/a><\/p>\n","protected":false},"excerpt":{"rendered":"<p>El Juzgado Civil y Comercial N\u00ba 3 de San Nicol\u00e1s, Secretar\u00eda \u00danica, con domicilio en Pellegrini 68 piso 1, de la ciudad de San Nicol\u00e1s, a los efectos que proceda a publicar Edicto por el t\u00e9rmino de dos d\u00edas conforme lo normado en el Art. 129 del C.P.P. a fin de notificar al Sr. Mauricio [&hellip;]<\/p>\n","protected":false},"author":4,"featured_media":102746,"comment_status":"closed","ping_status":"closed","sticky":false,"template":"","format":"standard","meta":{"om_disable_all_campaigns":false,"_jetpack_memberships_contains_paid_content":false,"footnotes":""},"categories":[676,1124],"tags":[197,1121,2687,1355,33,19],"class_list":["post-104042","post","type-post","status-publish","format-standard","has-post-thumbnail","hentry","category-edictos","category-edictos-especiales","tag-buenos-aires","tag-edicto","tag-edicto-de-umeres-jose-antonio-c-castagnola-mauricio-y-otro-a-s-danos-y-perjuicios-autom-c-les-o-muerte","tag-judiciales","tag-locales","tag-san-pedro"],"aioseo_notices":[],"gutentor_comment":0,"jetpack_featured_media_url":"https:\/\/eldiariodesanpedro.com.ar\/sitio\/wp-content\/uploads\/2022\/01\/EDICTO.jpg","jetpack_shortlink":"https:\/\/wp.me\/p6RhLt-r46","jetpack_sharing_enabled":true,"_links":{"self":[{"href":"https:\/\/eldiariodesanpedro.com.ar\/sitio\/wp-json\/wp\/v2\/posts\/104042","targetHints":{"allow":["GET"]}}],"collection":[{"href":"https:\/\/eldiariodesanpedro.com.ar\/sitio\/wp-json\/wp\/v2\/posts"}],"about":[{"href":"https:\/\/eldiariodesanpedro.com.ar\/sitio\/wp-json\/wp\/v2\/types\/post"}],"author":[{"embeddable":true,"href":"https:\/\/eldiariodesanpedro.com.ar\/sitio\/wp-json\/wp\/v2\/users\/4"}],"replies":[{"embeddable":true,"href":"https:\/\/eldiariodesanpedro.com.ar\/sitio\/wp-json\/wp\/v2\/comments?post=104042"}],"version-history":[{"count":1,"href":"https:\/\/eldiariodesanpedro.com.ar\/sitio\/wp-json\/wp\/v2\/posts\/104042\/revisions"}],"predecessor-version":[{"id":104043,"href":"https:\/\/eldiariodesanpedro.com.ar\/sitio\/wp-json\/wp\/v2\/posts\/104042\/revisions\/104043"}],"wp:featuredmedia":[{"embeddable":true,"href":"https:\/\/eldiariodesanpedro.com.ar\/sitio\/wp-json\/wp\/v2\/media\/102746"}],"wp:attachment":[{"href":"https:\/\/eldiariodesanpedro.com.ar\/sitio\/wp-json\/wp\/v2\/media?parent=104042"}],"wp:term":[{"taxonomy":"category","embeddable":true,"href":"https:\/\/eldiariodesanpedro.com.ar\/sitio\/wp-json\/wp\/v2\/categories?post=104042"},{"taxonomy":"post_tag","embeddable":true,"href":"https:\/\/eldiariodesanpedro.com.ar\/sitio\/wp-json\/wp\/v2\/tags?post=104042"}],"curies":[{"name":"wp","href":"https:\/\/api.w.org\/{rel}","templated":true}]}}