{"id":104038,"date":"2022-02-11T14:50:05","date_gmt":"2022-02-11T17:50:05","guid":{"rendered":"https:\/\/eldiariodesanpedro.com.ar\/sitio\/?p=104038"},"modified":"2022-02-11T14:50:06","modified_gmt":"2022-02-11T17:50:06","slug":"hasta-el-15-de-febrero-se-pueden-inscribir-los-estudiantes-para-los-viajes-de-fin-de-curso-financiados-por-la-provincia","status":"publish","type":"post","link":"https:\/\/eldiariodesanpedro.com.ar\/sitio\/hasta-el-15-de-febrero-se-pueden-inscribir-los-estudiantes-para-los-viajes-de-fin-de-curso-financiados-por-la-provincia\/","title":{"rendered":"Hasta el 15 de febrero se pueden inscribir los estudiantes para los viajes de fin de curso financiados por la Provincia."},"content":{"rendered":"<!-- VideographyWP Plugin Message: Automatic video embedding prevented by plugin options. -->\n\n<p>Los Viajes de Fin de Curso que financia la provincia de Buenos Aires apuntan a impulsar el Turismo, extender la temporada, reactivar la econom\u00eda y potenciar la inclusi\u00f3n y la revinculaci\u00f3n para 220.000 estudiantes de \u00faltimo a\u00f1o de las escuelas secundarias bonaerenses de gesti\u00f3n estatal y privada.<\/p>\n\n\n\n<p>El programa se inscribe dentro de una pol\u00edtica m\u00e1s amplia de promoci\u00f3n y reactivaci\u00f3n del sector tur\u00edstico en la provincia de Buenos Aires, que incluye la experiencia de la plataforma ReCreo, donde encontramos la agenda cultural, destinos, y beneficios en los 135 municipios.<\/p>\n\n\n\n<p>El plazo para ingresar a la p\u00e1gina oficial y cumplir con los pasos para la inscripci\u00f3n vence el 15 de febrero y pueden hacerlo de manera individual los estudiantes que quieran postular a su grupo, de acuerdo a las caracter\u00edsticas definidas.<\/p>\n\n\n\n<p>Entre sus objetivos, se plantea la posibilidad de que todas y todos nuestros estudiantes puedan viajar, conocer otros lugares y paisajes, otras realidades, compartir d\u00edas con amigos\/as, y as\u00ed garantizar una experiencia \u00fanica.<\/p>\n\n\n\n<p>Para m\u00e1s informaci\u00f3n e inscripci\u00f3n se debe ingresar a:<br><a href=\"https:\/\/viajefindecurso.gba.gob.ar\/inscripcion.php\">https:\/\/viajefindecurso.gba.gob.ar\/inscripcion.php<\/a><\/p>\n\n\n\n<figure class=\"wp-block-image size-full\"><img decoding=\"async\" width=\"630\" height=\"630\" data-attachment-id=\"104039\" data-permalink=\"https:\/\/eldiariodesanpedro.com.ar\/sitio\/hasta-el-15-de-febrero-se-pueden-inscribir-los-estudiantes-para-los-viajes-de-fin-de-curso-financiados-por-la-provincia\/whatsapp-image-2022-02-11-at-14-01-34\/\" data-orig-file=\"https:\/\/eldiariodesanpedro.com.ar\/sitio\/wp-content\/uploads\/2022\/02\/WhatsApp-Image-2022-02-11-at-14.01.34.jpeg\" data-orig-size=\"630,630\" data-comments-opened=\"0\" data-image-meta=\"{&quot;aperture&quot;:&quot;0&quot;,&quot;credit&quot;:&quot;&quot;,&quot;camera&quot;:&quot;&quot;,&quot;caption&quot;:&quot;&quot;,&quot;created_timestamp&quot;:&quot;0&quot;,&quot;copyright&quot;:&quot;&quot;,&quot;focal_length&quot;:&quot;0&quot;,&quot;iso&quot;:&quot;0&quot;,&quot;shutter_speed&quot;:&quot;0&quot;,&quot;title&quot;:&quot;&quot;,&quot;orientation&quot;:&quot;0&quot;}\" data-image-title=\"WhatsApp-Image-2022-02-11-at-14.01.34\" data-image-description=\"\" data-image-caption=\"\" data-large-file=\"https:\/\/eldiariodesanpedro.com.ar\/sitio\/wp-content\/uploads\/2022\/02\/WhatsApp-Image-2022-02-11-at-14.01.34.jpeg\" data-src=\"https:\/\/eldiariodesanpedro.com.ar\/sitio\/wp-content\/uploads\/2022\/02\/WhatsApp-Image-2022-02-11-at-14.01.34.jpeg\" alt=\"\" class=\"wp-image-104039 lazyload\" data-srcset=\"https:\/\/eldiariodesanpedro.com.ar\/sitio\/wp-content\/uploads\/2022\/02\/WhatsApp-Image-2022-02-11-at-14.01.34.jpeg 630w, https:\/\/eldiariodesanpedro.com.ar\/sitio\/wp-content\/uploads\/2022\/02\/WhatsApp-Image-2022-02-11-at-14.01.34-300x300.jpeg 300w, https:\/\/eldiariodesanpedro.com.ar\/sitio\/wp-content\/uploads\/2022\/02\/WhatsApp-Image-2022-02-11-at-14.01.34-150x150.jpeg 150w\" data-sizes=\"(max-width: 630px) 100vw, 630px\" src=\"data:image\/svg+xml;base64,PHN2ZyB3aWR0aD0iMSIgaGVpZ2h0PSIxIiB4bWxucz0iaHR0cDovL3d3dy53My5vcmcvMjAwMC9zdmciPjwvc3ZnPg==\" style=\"--smush-placeholder-width: 630px; --smush-placeholder-aspect-ratio: 630\/630;\" \/><\/figure>\n","protected":false},"excerpt":{"rendered":"<p>Los Viajes de Fin de Curso que financia la provincia de Buenos Aires apuntan a impulsar el Turismo, extender la temporada, reactivar la econom\u00eda y potenciar la inclusi\u00f3n y la revinculaci\u00f3n para 220.000 estudiantes de \u00faltimo a\u00f1o de las escuelas secundarias bonaerenses de gesti\u00f3n estatal y privada. El programa se inscribe dentro de una pol\u00edtica [&hellip;]<\/p>\n","protected":false},"author":4,"featured_media":104040,"comment_status":"closed","ping_status":"closed","sticky":false,"template":"","format":"standard","meta":{"om_disable_all_campaigns":false,"_jetpack_memberships_contains_paid_content":false,"footnotes":""},"categories":[50,101,2],"tags":[197,696,33,19],"class_list":["post-104038","post","type-post","status-publish","format-standard","has-post-thumbnail","hentry","category-destacadas","category-interes-general-locales","category-locales","tag-buenos-aires","tag-interes-general","tag-locales","tag-san-pedro"],"aioseo_notices":[],"gutentor_comment":0,"jetpack_featured_media_url":"https:\/\/eldiariodesanpedro.com.ar\/sitio\/wp-content\/uploads\/2022\/02\/1556495619092.jpg","jetpack_shortlink":"https:\/\/wp.me\/p6RhLt-r42","jetpack_sharing_enabled":true,"_links":{"self":[{"href":"https:\/\/eldiariodesanpedro.com.ar\/sitio\/wp-json\/wp\/v2\/posts\/104038","targetHints":{"allow":["GET"]}}],"collection":[{"href":"https:\/\/eldiariodesanpedro.com.ar\/sitio\/wp-json\/wp\/v2\/posts"}],"about":[{"href":"https:\/\/eldiariodesanpedro.com.ar\/sitio\/wp-json\/wp\/v2\/types\/post"}],"author":[{"embeddable":true,"href":"https:\/\/eldiariodesanpedro.com.ar\/sitio\/wp-json\/wp\/v2\/users\/4"}],"replies":[{"embeddable":true,"href":"https:\/\/eldiariodesanpedro.com.ar\/sitio\/wp-json\/wp\/v2\/comments?post=104038"}],"version-history":[{"count":1,"href":"https:\/\/eldiariodesanpedro.com.ar\/sitio\/wp-json\/wp\/v2\/posts\/104038\/revisions"}],"predecessor-version":[{"id":104041,"href":"https:\/\/eldiariodesanpedro.com.ar\/sitio\/wp-json\/wp\/v2\/posts\/104038\/revisions\/104041"}],"wp:featuredmedia":[{"embeddable":true,"href":"https:\/\/eldiariodesanpedro.com.ar\/sitio\/wp-json\/wp\/v2\/media\/104040"}],"wp:attachment":[{"href":"https:\/\/eldiariodesanpedro.com.ar\/sitio\/wp-json\/wp\/v2\/media?parent=104038"}],"wp:term":[{"taxonomy":"category","embeddable":true,"href":"https:\/\/eldiariodesanpedro.com.ar\/sitio\/wp-json\/wp\/v2\/categories?post=104038"},{"taxonomy":"post_tag","embeddable":true,"href":"https:\/\/eldiariodesanpedro.com.ar\/sitio\/wp-json\/wp\/v2\/tags?post=104038"}],"curies":[{"name":"wp","href":"https:\/\/api.w.org\/{rel}","templated":true}]}}