{"id":104033,"date":"2022-02-11T14:43:34","date_gmt":"2022-02-11T17:43:34","guid":{"rendered":"https:\/\/eldiariodesanpedro.com.ar\/sitio\/?p=104033"},"modified":"2022-02-11T14:43:35","modified_gmt":"2022-02-11T17:43:35","slug":"recepcion-de-seis-propuestas-para-la-adquisicion-de-maquinarias-financiadas-desde-el-ministerio-de-agricultura-de-la-nacion","status":"publish","type":"post","link":"https:\/\/eldiariodesanpedro.com.ar\/sitio\/recepcion-de-seis-propuestas-para-la-adquisicion-de-maquinarias-financiadas-desde-el-ministerio-de-agricultura-de-la-nacion\/","title":{"rendered":"Recepci\u00f3n de seis propuestas para la adquisici\u00f3n de maquinarias financiadas desde el Ministerio de Agricultura de la Naci\u00f3n"},"content":{"rendered":"<!-- VideographyWP Plugin Message: Automatic video embedding prevented by plugin options. -->\n\n<p>Esta ma\u00f1ana en el despacho del Intendente Municipal se cumpli\u00f3 con la apertura de sobres para darle ingreso formal a las propuestas presentadas en el llamado a licitaci\u00f3n para la compra de una retroexcavadora y un cami\u00f3n volcador.<\/p>\n\n\n\n<p>Estas maquinarias ser\u00e1n adquiridas a trav\u00e9s de un subsidio de 25 millones de pesos proveniente del Ministerio de Agricultura, Ganader\u00eda y Pesca de la Naci\u00f3n.<\/p>\n\n\n\n<p>Tal como fue confirmado en la reciente visita a la Fiesta del Durazno en Gobernador Castro, del ex Secretario del Ministerio y ahora Secretario de Relaciones Institucionales de esa cartera, Jorge Solmi, este aporte ser\u00e1 invertido con el prop\u00f3sito de ampliar el parque municipal de maquinarias para diferentes servicios. Desde la Municipalidad se mantiene un excelente v\u00ednculo con el \u00e1rea tanto a trav\u00e9s de Solmi como con su actual titular, Juli\u00e1n Dom\u00ednguez.<\/p>\n\n\n\n<p>El acto de apertura que pudo ser seguido por los oferentes a trav\u00e9s de una videoconferencia, cont\u00f3 con la participaci\u00f3n del Secretario de Econom\u00eda y Hacienda Fabi\u00e1n Rodr\u00edguez, el Secretario de Servicios P\u00fablicos Ariel \u00c1lvarez, la Jefa de Compras y Suministros Gloria Su\u00e1rez, la directora de Contadur\u00eda Mariana Giosa, el director de Automotores Carlos Garc\u00eda y en representaci\u00f3n de Asesor\u00eda Letrada la abogada Dra. Luisa Garc\u00eda.<\/p>\n\n\n\n<p>Se presentaron seis propuestas que comienzan a recorrer ahora el per\u00edodo de an\u00e1lisis hasta la adjudicaci\u00f3n de la compra.<\/p>\n\n\n\n<figure class=\"wp-block-image size-full\"><img decoding=\"async\" width=\"998\" height=\"630\" data-attachment-id=\"104035\" data-permalink=\"https:\/\/eldiariodesanpedro.com.ar\/sitio\/recepcion-de-seis-propuestas-para-la-adquisicion-de-maquinarias-financiadas-desde-el-ministerio-de-agricultura-de-la-nacion\/whatsapp-image-2022-02-11-at-13-54-38-1\/\" data-orig-file=\"https:\/\/eldiariodesanpedro.com.ar\/sitio\/wp-content\/uploads\/2022\/02\/WhatsApp-Image-2022-02-11-at-13.54.38-1.jpeg\" data-orig-size=\"998,630\" data-comments-opened=\"0\" data-image-meta=\"{&quot;aperture&quot;:&quot;0&quot;,&quot;credit&quot;:&quot;&quot;,&quot;camera&quot;:&quot;&quot;,&quot;caption&quot;:&quot;&quot;,&quot;created_timestamp&quot;:&quot;0&quot;,&quot;copyright&quot;:&quot;&quot;,&quot;focal_length&quot;:&quot;0&quot;,&quot;iso&quot;:&quot;0&quot;,&quot;shutter_speed&quot;:&quot;0&quot;,&quot;title&quot;:&quot;&quot;,&quot;orientation&quot;:&quot;0&quot;}\" data-image-title=\"WhatsApp Image 2022-02-11 at 13.54.38 (1)\" data-image-description=\"\" data-image-caption=\"\" data-large-file=\"https:\/\/eldiariodesanpedro.com.ar\/sitio\/wp-content\/uploads\/2022\/02\/WhatsApp-Image-2022-02-11-at-13.54.38-1.jpeg\" data-src=\"https:\/\/eldiariodesanpedro.com.ar\/sitio\/wp-content\/uploads\/2022\/02\/WhatsApp-Image-2022-02-11-at-13.54.38-1.jpeg\" alt=\"\" class=\"wp-image-104035 lazyload\" data-srcset=\"https:\/\/eldiariodesanpedro.com.ar\/sitio\/wp-content\/uploads\/2022\/02\/WhatsApp-Image-2022-02-11-at-13.54.38-1.jpeg 998w, https:\/\/eldiariodesanpedro.com.ar\/sitio\/wp-content\/uploads\/2022\/02\/WhatsApp-Image-2022-02-11-at-13.54.38-1-300x189.jpeg 300w, https:\/\/eldiariodesanpedro.com.ar\/sitio\/wp-content\/uploads\/2022\/02\/WhatsApp-Image-2022-02-11-at-13.54.38-1-768x485.jpeg 768w\" data-sizes=\"(max-width: 998px) 100vw, 998px\" src=\"data:image\/svg+xml;base64,PHN2ZyB3aWR0aD0iMSIgaGVpZ2h0PSIxIiB4bWxucz0iaHR0cDovL3d3dy53My5vcmcvMjAwMC9zdmciPjwvc3ZnPg==\" style=\"--smush-placeholder-width: 998px; --smush-placeholder-aspect-ratio: 998\/630;\" \/><\/figure>\n\n\n\n<figure class=\"wp-block-image size-full\"><img decoding=\"async\" width=\"997\" height=\"630\" data-attachment-id=\"104036\" data-permalink=\"https:\/\/eldiariodesanpedro.com.ar\/sitio\/recepcion-de-seis-propuestas-para-la-adquisicion-de-maquinarias-financiadas-desde-el-ministerio-de-agricultura-de-la-nacion\/whatsapp-image-2022-02-11-at-13-54-38\/\" data-orig-file=\"https:\/\/eldiariodesanpedro.com.ar\/sitio\/wp-content\/uploads\/2022\/02\/WhatsApp-Image-2022-02-11-at-13.54.38.jpeg\" data-orig-size=\"997,630\" data-comments-opened=\"0\" data-image-meta=\"{&quot;aperture&quot;:&quot;0&quot;,&quot;credit&quot;:&quot;&quot;,&quot;camera&quot;:&quot;&quot;,&quot;caption&quot;:&quot;&quot;,&quot;created_timestamp&quot;:&quot;0&quot;,&quot;copyright&quot;:&quot;&quot;,&quot;focal_length&quot;:&quot;0&quot;,&quot;iso&quot;:&quot;0&quot;,&quot;shutter_speed&quot;:&quot;0&quot;,&quot;title&quot;:&quot;&quot;,&quot;orientation&quot;:&quot;0&quot;}\" data-image-title=\"WhatsApp Image 2022-02-11 at 13.54.38\" data-image-description=\"\" data-image-caption=\"\" data-large-file=\"https:\/\/eldiariodesanpedro.com.ar\/sitio\/wp-content\/uploads\/2022\/02\/WhatsApp-Image-2022-02-11-at-13.54.38.jpeg\" data-src=\"https:\/\/eldiariodesanpedro.com.ar\/sitio\/wp-content\/uploads\/2022\/02\/WhatsApp-Image-2022-02-11-at-13.54.38.jpeg\" alt=\"\" class=\"wp-image-104036 lazyload\" data-srcset=\"https:\/\/eldiariodesanpedro.com.ar\/sitio\/wp-content\/uploads\/2022\/02\/WhatsApp-Image-2022-02-11-at-13.54.38.jpeg 997w, https:\/\/eldiariodesanpedro.com.ar\/sitio\/wp-content\/uploads\/2022\/02\/WhatsApp-Image-2022-02-11-at-13.54.38-300x190.jpeg 300w, https:\/\/eldiariodesanpedro.com.ar\/sitio\/wp-content\/uploads\/2022\/02\/WhatsApp-Image-2022-02-11-at-13.54.38-768x485.jpeg 768w\" data-sizes=\"(max-width: 997px) 100vw, 997px\" src=\"data:image\/svg+xml;base64,PHN2ZyB3aWR0aD0iMSIgaGVpZ2h0PSIxIiB4bWxucz0iaHR0cDovL3d3dy53My5vcmcvMjAwMC9zdmciPjwvc3ZnPg==\" style=\"--smush-placeholder-width: 997px; --smush-placeholder-aspect-ratio: 997\/630;\" \/><\/figure>\n","protected":false},"excerpt":{"rendered":"<p>Esta ma\u00f1ana en el despacho del Intendente Municipal se cumpli\u00f3 con la apertura de sobres para darle ingreso formal a las propuestas presentadas en el llamado a licitaci\u00f3n para la compra de una retroexcavadora y un cami\u00f3n volcador. Estas maquinarias ser\u00e1n adquiridas a trav\u00e9s de un subsidio de 25 millones de pesos proveniente del Ministerio [&hellip;]<\/p>\n","protected":false},"author":4,"featured_media":104034,"comment_status":"closed","ping_status":"closed","sticky":false,"template":"","format":"standard","meta":{"om_disable_all_campaigns":false,"_jetpack_memberships_contains_paid_content":false,"footnotes":""},"categories":[50,101,2],"tags":[197,696,33,19],"class_list":["post-104033","post","type-post","status-publish","format-standard","has-post-thumbnail","hentry","category-destacadas","category-interes-general-locales","category-locales","tag-buenos-aires","tag-interes-general","tag-locales","tag-san-pedro"],"aioseo_notices":[],"gutentor_comment":0,"jetpack_featured_media_url":"https:\/\/eldiariodesanpedro.com.ar\/sitio\/wp-content\/uploads\/2022\/02\/WhatsApp-Image-2022-02-11-at-13.54.34.jpeg","jetpack_shortlink":"https:\/\/wp.me\/p6RhLt-r3X","jetpack_sharing_enabled":true,"_links":{"self":[{"href":"https:\/\/eldiariodesanpedro.com.ar\/sitio\/wp-json\/wp\/v2\/posts\/104033","targetHints":{"allow":["GET"]}}],"collection":[{"href":"https:\/\/eldiariodesanpedro.com.ar\/sitio\/wp-json\/wp\/v2\/posts"}],"about":[{"href":"https:\/\/eldiariodesanpedro.com.ar\/sitio\/wp-json\/wp\/v2\/types\/post"}],"author":[{"embeddable":true,"href":"https:\/\/eldiariodesanpedro.com.ar\/sitio\/wp-json\/wp\/v2\/users\/4"}],"replies":[{"embeddable":true,"href":"https:\/\/eldiariodesanpedro.com.ar\/sitio\/wp-json\/wp\/v2\/comments?post=104033"}],"version-history":[{"count":1,"href":"https:\/\/eldiariodesanpedro.com.ar\/sitio\/wp-json\/wp\/v2\/posts\/104033\/revisions"}],"predecessor-version":[{"id":104037,"href":"https:\/\/eldiariodesanpedro.com.ar\/sitio\/wp-json\/wp\/v2\/posts\/104033\/revisions\/104037"}],"wp:featuredmedia":[{"embeddable":true,"href":"https:\/\/eldiariodesanpedro.com.ar\/sitio\/wp-json\/wp\/v2\/media\/104034"}],"wp:attachment":[{"href":"https:\/\/eldiariodesanpedro.com.ar\/sitio\/wp-json\/wp\/v2\/media?parent=104033"}],"wp:term":[{"taxonomy":"category","embeddable":true,"href":"https:\/\/eldiariodesanpedro.com.ar\/sitio\/wp-json\/wp\/v2\/categories?post=104033"},{"taxonomy":"post_tag","embeddable":true,"href":"https:\/\/eldiariodesanpedro.com.ar\/sitio\/wp-json\/wp\/v2\/tags?post=104033"}],"curies":[{"name":"wp","href":"https:\/\/api.w.org\/{rel}","templated":true}]}}