{"id":104028,"date":"2022-02-11T13:31:50","date_gmt":"2022-02-11T16:31:50","guid":{"rendered":"https:\/\/eldiariodesanpedro.com.ar\/sitio\/?p=104028"},"modified":"2022-02-11T13:31:51","modified_gmt":"2022-02-11T16:31:51","slug":"hoy-comienza-el-festival-de-baradero-2022-con-la-actuacion-estelar-de-la-princesita-karina","status":"publish","type":"post","link":"https:\/\/eldiariodesanpedro.com.ar\/sitio\/hoy-comienza-el-festival-de-baradero-2022-con-la-actuacion-estelar-de-la-princesita-karina\/","title":{"rendered":"Hoy comienza el Festival de Baradero 2022 con la actuaci\u00f3n estelar de la princesita Karina"},"content":{"rendered":"<!-- VideographyWP Plugin Message: Automatic video embedding prevented by plugin options. -->\n\n<p>Este viernes se da inicio al tradicional festival de Danza y Folclore de la vecina ciudad baradense que ya cuenta con su 47\u00ba edici\u00f3n.<\/p>\n\n\n\n<p>Este a\u00f1o se esperan shows de renombre nacional como por ejemplo Los Nocheros, Los Tekis y Marcela Morelo entre otros.<\/p>\n\n\n\n<p>La primera jornada la atracci\u00f3n principal est\u00e1 puesta en la Pirncesita Karina que tendr\u00e1 un horario de actuaci\u00f3n de alrededor de las 23 hs a diferencia de mucho de lo que esperaban que actuara m\u00e1s sobre la madrugada del s\u00e1bado.<\/p>\n\n\n\n<p>Desde el festival se comunic\u00f3 a los espectadores que este viernes 11 no se podr\u00e1 ingresar con sillas o reposeras al Anfiteatro Municipal.<\/p>\n\n\n\n<p>Tambi\u00e9n como cada a\u00f1o se realizar\u00e1 para disfrutar de buena m\u00fasica y del talento de diferentes artistas de todo el pa\u00eds al aire libre desde las 21 horas en la Plaza Mitre \u201cLa pe\u00f1a del festival\u201d.<\/p>\n\n\n\n<p>GRILLA DE ARTISTAS <br>VIERNES 11 DE FEBRERO <br>Karina <br>Sergio Galleguillo <br>Ahyre <br>X3 Folclore <br>Homenaje a Jaime Torres <br>Paloma Angione (revelaci\u00f3n solista) <br>Luc\u00eda Ceresani (canto surero) <br>Ganadores del Pre-Festival <br>Espect\u00e1culo de Danzas (artistas de Baradero)<\/p>\n","protected":false},"excerpt":{"rendered":"<p>Este viernes se da inicio al tradicional festival de Danza y Folclore de la vecina ciudad baradense que ya cuenta con su 47\u00ba edici\u00f3n. Este a\u00f1o se esperan shows de renombre nacional como por ejemplo Los Nocheros, Los Tekis y Marcela Morelo entre otros. La primera jornada la atracci\u00f3n principal est\u00e1 puesta en la Pirncesita [&hellip;]<\/p>\n","protected":false},"author":4,"featured_media":104029,"comment_status":"closed","ping_status":"closed","sticky":false,"template":"","format":"standard","meta":{"om_disable_all_campaigns":false,"_jetpack_memberships_contains_paid_content":false,"footnotes":""},"categories":[50,101,2],"tags":[139,197,388,696,2684,2685,33,19],"class_list":["post-104028","post","type-post","status-publish","format-standard","has-post-thumbnail","hentry","category-destacadas","category-interes-general-locales","category-locales","tag-baradero","tag-buenos-aires","tag-festival","tag-interes-general","tag-karina","tag-la-princesita","tag-locales","tag-san-pedro"],"aioseo_notices":[],"gutentor_comment":0,"jetpack_featured_media_url":"https:\/\/eldiariodesanpedro.com.ar\/sitio\/wp-content\/uploads\/2022\/02\/maxresdefault.jpg","jetpack_shortlink":"https:\/\/wp.me\/p6RhLt-r3S","jetpack_sharing_enabled":true,"_links":{"self":[{"href":"https:\/\/eldiariodesanpedro.com.ar\/sitio\/wp-json\/wp\/v2\/posts\/104028","targetHints":{"allow":["GET"]}}],"collection":[{"href":"https:\/\/eldiariodesanpedro.com.ar\/sitio\/wp-json\/wp\/v2\/posts"}],"about":[{"href":"https:\/\/eldiariodesanpedro.com.ar\/sitio\/wp-json\/wp\/v2\/types\/post"}],"author":[{"embeddable":true,"href":"https:\/\/eldiariodesanpedro.com.ar\/sitio\/wp-json\/wp\/v2\/users\/4"}],"replies":[{"embeddable":true,"href":"https:\/\/eldiariodesanpedro.com.ar\/sitio\/wp-json\/wp\/v2\/comments?post=104028"}],"version-history":[{"count":1,"href":"https:\/\/eldiariodesanpedro.com.ar\/sitio\/wp-json\/wp\/v2\/posts\/104028\/revisions"}],"predecessor-version":[{"id":104030,"href":"https:\/\/eldiariodesanpedro.com.ar\/sitio\/wp-json\/wp\/v2\/posts\/104028\/revisions\/104030"}],"wp:featuredmedia":[{"embeddable":true,"href":"https:\/\/eldiariodesanpedro.com.ar\/sitio\/wp-json\/wp\/v2\/media\/104029"}],"wp:attachment":[{"href":"https:\/\/eldiariodesanpedro.com.ar\/sitio\/wp-json\/wp\/v2\/media?parent=104028"}],"wp:term":[{"taxonomy":"category","embeddable":true,"href":"https:\/\/eldiariodesanpedro.com.ar\/sitio\/wp-json\/wp\/v2\/categories?post=104028"},{"taxonomy":"post_tag","embeddable":true,"href":"https:\/\/eldiariodesanpedro.com.ar\/sitio\/wp-json\/wp\/v2\/tags?post=104028"}],"curies":[{"name":"wp","href":"https:\/\/api.w.org\/{rel}","templated":true}]}}