{"id":104024,"date":"2022-02-11T13:15:43","date_gmt":"2022-02-11T16:15:43","guid":{"rendered":"https:\/\/eldiariodesanpedro.com.ar\/sitio\/?p=104024"},"modified":"2022-02-11T13:15:44","modified_gmt":"2022-02-11T16:15:44","slug":"el-ministro-de-produccion-ciencia-e-innovacion-tecnologica-de-la-provincia-de-buenos-aires-augusto-costa-en-recreo-san-pedro","status":"publish","type":"post","link":"https:\/\/eldiariodesanpedro.com.ar\/sitio\/el-ministro-de-produccion-ciencia-e-innovacion-tecnologica-de-la-provincia-de-buenos-aires-augusto-costa-en-recreo-san-pedro\/","title":{"rendered":"El Ministro de Producci\u00f3n, Ciencia e Innovaci\u00f3n Tecnol\u00f3gica de la provincia de Buenos Aires Augusto Costa en ReCreo San Pedro"},"content":{"rendered":"<!-- VideographyWP Plugin Message: Automatic video embedding prevented by plugin options. -->\n\n<p>En la antesala de un nuevo fin de semana del programa impulsado por el Gobierno de la Provincia con el fin de reactivar la econom\u00eda regional, el Turismo y la Cultura, el ministro de Producci\u00f3n, Ciencia e Innovaci\u00f3n Tecnol\u00f3gica de la Provincia Augusto Costa, en una visita informal junto a su familia, particip\u00f3 junto al Intendente Dr. Ram\u00f3n Salazar, el Secretario de Coordinaci\u00f3n Hern\u00e1n Contreras y funcionarios municipales de las actividades que propone el parador en nuestra ciudad.<\/p>\n\n\n\n<p>El Dr. Salazar se mostr\u00f3 contento por la visita del Ministro Costa y la decisi\u00f3n del Gobernador Kicillof de Instalar el parador en la ciudad. \u201cQueremos llevar a San Pedro hacia delante, es un destino tur\u00edstico m\u00e1s en el pa\u00eds y eso es algo muy importante sobre todo por la creaci\u00f3n de puestos de trabajo\u201d.<\/p>\n\n\n\n<p>Por su parte Costa se refiri\u00f3 a la importancia de ver \u201ccomo el parador fue apropiado por la gente que disfruta de los atractivos y la belleza de san pedro, pero tambi\u00e9n para actividades recreativas, culturales y art\u00edsticas\u201d.<\/p>\n\n\n\n<figure class=\"wp-block-image size-large\"><img decoding=\"async\" width=\"1024\" height=\"576\" data-attachment-id=\"104026\" data-permalink=\"https:\/\/eldiariodesanpedro.com.ar\/sitio\/el-ministro-de-produccion-ciencia-e-innovacion-tecnologica-de-la-provincia-de-buenos-aires-augusto-costa-en-recreo-san-pedro\/whatsapp-image-2022-02-11-at-12-32-50\/\" data-orig-file=\"https:\/\/eldiariodesanpedro.com.ar\/sitio\/wp-content\/uploads\/2022\/02\/WhatsApp-Image-2022-02-11-at-12.32.50.jpeg\" data-orig-size=\"1120,630\" data-comments-opened=\"0\" data-image-meta=\"{&quot;aperture&quot;:&quot;0&quot;,&quot;credit&quot;:&quot;&quot;,&quot;camera&quot;:&quot;&quot;,&quot;caption&quot;:&quot;&quot;,&quot;created_timestamp&quot;:&quot;0&quot;,&quot;copyright&quot;:&quot;&quot;,&quot;focal_length&quot;:&quot;0&quot;,&quot;iso&quot;:&quot;0&quot;,&quot;shutter_speed&quot;:&quot;0&quot;,&quot;title&quot;:&quot;&quot;,&quot;orientation&quot;:&quot;0&quot;}\" data-image-title=\"WhatsApp Image 2022-02-11 at 12.32.50\" data-image-description=\"\" data-image-caption=\"\" data-large-file=\"https:\/\/eldiariodesanpedro.com.ar\/sitio\/wp-content\/uploads\/2022\/02\/WhatsApp-Image-2022-02-11-at-12.32.50-1024x576.jpeg\" data-src=\"https:\/\/eldiariodesanpedro.com.ar\/sitio\/wp-content\/uploads\/2022\/02\/WhatsApp-Image-2022-02-11-at-12.32.50-1024x576.jpeg\" alt=\"\" class=\"wp-image-104026 lazyload\" data-srcset=\"https:\/\/eldiariodesanpedro.com.ar\/sitio\/wp-content\/uploads\/2022\/02\/WhatsApp-Image-2022-02-11-at-12.32.50-1024x576.jpeg 1024w, https:\/\/eldiariodesanpedro.com.ar\/sitio\/wp-content\/uploads\/2022\/02\/WhatsApp-Image-2022-02-11-at-12.32.50-300x169.jpeg 300w, https:\/\/eldiariodesanpedro.com.ar\/sitio\/wp-content\/uploads\/2022\/02\/WhatsApp-Image-2022-02-11-at-12.32.50-768x432.jpeg 768w, https:\/\/eldiariodesanpedro.com.ar\/sitio\/wp-content\/uploads\/2022\/02\/WhatsApp-Image-2022-02-11-at-12.32.50.jpeg 1120w\" data-sizes=\"(max-width: 1024px) 100vw, 1024px\" src=\"data:image\/svg+xml;base64,PHN2ZyB3aWR0aD0iMSIgaGVpZ2h0PSIxIiB4bWxucz0iaHR0cDovL3d3dy53My5vcmcvMjAwMC9zdmciPjwvc3ZnPg==\" style=\"--smush-placeholder-width: 1024px; --smush-placeholder-aspect-ratio: 1024\/576;\" \/><\/figure>\n","protected":false},"excerpt":{"rendered":"<p>En la antesala de un nuevo fin de semana del programa impulsado por el Gobierno de la Provincia con el fin de reactivar la econom\u00eda regional, el Turismo y la Cultura, el ministro de Producci\u00f3n, Ciencia e Innovaci\u00f3n Tecnol\u00f3gica de la Provincia Augusto Costa, en una visita informal junto a su familia, particip\u00f3 junto al [&hellip;]<\/p>\n","protected":false},"author":4,"featured_media":104025,"comment_status":"closed","ping_status":"closed","sticky":false,"template":"","format":"standard","meta":{"om_disable_all_campaigns":false,"_jetpack_memberships_contains_paid_content":false,"footnotes":""},"categories":[50,101,2],"tags":[197,696,33,19],"class_list":["post-104024","post","type-post","status-publish","format-standard","has-post-thumbnail","hentry","category-destacadas","category-interes-general-locales","category-locales","tag-buenos-aires","tag-interes-general","tag-locales","tag-san-pedro"],"aioseo_notices":[],"gutentor_comment":0,"jetpack_featured_media_url":"https:\/\/eldiariodesanpedro.com.ar\/sitio\/wp-content\/uploads\/2022\/02\/WhatsApp-Image-2022-02-11-at-12.32.49.jpeg","jetpack_shortlink":"https:\/\/wp.me\/p6RhLt-r3O","jetpack_sharing_enabled":true,"_links":{"self":[{"href":"https:\/\/eldiariodesanpedro.com.ar\/sitio\/wp-json\/wp\/v2\/posts\/104024","targetHints":{"allow":["GET"]}}],"collection":[{"href":"https:\/\/eldiariodesanpedro.com.ar\/sitio\/wp-json\/wp\/v2\/posts"}],"about":[{"href":"https:\/\/eldiariodesanpedro.com.ar\/sitio\/wp-json\/wp\/v2\/types\/post"}],"author":[{"embeddable":true,"href":"https:\/\/eldiariodesanpedro.com.ar\/sitio\/wp-json\/wp\/v2\/users\/4"}],"replies":[{"embeddable":true,"href":"https:\/\/eldiariodesanpedro.com.ar\/sitio\/wp-json\/wp\/v2\/comments?post=104024"}],"version-history":[{"count":1,"href":"https:\/\/eldiariodesanpedro.com.ar\/sitio\/wp-json\/wp\/v2\/posts\/104024\/revisions"}],"predecessor-version":[{"id":104027,"href":"https:\/\/eldiariodesanpedro.com.ar\/sitio\/wp-json\/wp\/v2\/posts\/104024\/revisions\/104027"}],"wp:featuredmedia":[{"embeddable":true,"href":"https:\/\/eldiariodesanpedro.com.ar\/sitio\/wp-json\/wp\/v2\/media\/104025"}],"wp:attachment":[{"href":"https:\/\/eldiariodesanpedro.com.ar\/sitio\/wp-json\/wp\/v2\/media?parent=104024"}],"wp:term":[{"taxonomy":"category","embeddable":true,"href":"https:\/\/eldiariodesanpedro.com.ar\/sitio\/wp-json\/wp\/v2\/categories?post=104024"},{"taxonomy":"post_tag","embeddable":true,"href":"https:\/\/eldiariodesanpedro.com.ar\/sitio\/wp-json\/wp\/v2\/tags?post=104024"}],"curies":[{"name":"wp","href":"https:\/\/api.w.org\/{rel}","templated":true}]}}