{"id":104016,"date":"2022-02-11T13:06:26","date_gmt":"2022-02-11T16:06:26","guid":{"rendered":"https:\/\/eldiariodesanpedro.com.ar\/sitio\/?p=104016"},"modified":"2022-02-11T13:06:27","modified_gmt":"2022-02-11T16:06:27","slug":"funciones-del-sabado-en-el-centro-cultural-abelardo-castillo","status":"publish","type":"post","link":"https:\/\/eldiariodesanpedro.com.ar\/sitio\/funciones-del-sabado-en-el-centro-cultural-abelardo-castillo\/","title":{"rendered":"Funciones del s\u00e1bado en el Centro Cultural Abelardo Castillo"},"content":{"rendered":"<!-- VideographyWP Plugin Message: Automatic video embedding prevented by plugin options. -->\n\n<p>La Municipalidad de San Pedro informa que las funciones de \u00abHisopad\u00edsimos\u00bb y el \u00abShow de Talentos\u00bb se realizar\u00e1n nuevamente en el Centro Cultural Abelardo Castillo, cumpliendo con todos los protocolos sanitarios previstos.<\/p>\n\n\n\n<p>La decisi\u00f3n se ha tomado anticipadamente, ante las probabilidades de mal tiempo y para poder ofrecer los espect\u00e1culos con las condiciones que los artistas y el p\u00fablico se merecen.<\/p>\n\n\n\n<figure class=\"wp-block-image size-full\"><img decoding=\"async\" width=\"504\" height=\"630\" data-attachment-id=\"104017\" data-permalink=\"https:\/\/eldiariodesanpedro.com.ar\/sitio\/funciones-del-sabado-en-el-centro-cultural-abelardo-castillo\/whatsapp-image-2022-02-11-at-09-21-16\/\" data-orig-file=\"https:\/\/eldiariodesanpedro.com.ar\/sitio\/wp-content\/uploads\/2022\/02\/WhatsApp-Image-2022-02-11-at-09.21.16.jpeg\" data-orig-size=\"504,630\" data-comments-opened=\"0\" data-image-meta=\"{&quot;aperture&quot;:&quot;0&quot;,&quot;credit&quot;:&quot;&quot;,&quot;camera&quot;:&quot;&quot;,&quot;caption&quot;:&quot;&quot;,&quot;created_timestamp&quot;:&quot;0&quot;,&quot;copyright&quot;:&quot;&quot;,&quot;focal_length&quot;:&quot;0&quot;,&quot;iso&quot;:&quot;0&quot;,&quot;shutter_speed&quot;:&quot;0&quot;,&quot;title&quot;:&quot;&quot;,&quot;orientation&quot;:&quot;0&quot;}\" data-image-title=\"WhatsApp Image 2022-02-11 at 09.21.16\" data-image-description=\"\" data-image-caption=\"\" data-large-file=\"https:\/\/eldiariodesanpedro.com.ar\/sitio\/wp-content\/uploads\/2022\/02\/WhatsApp-Image-2022-02-11-at-09.21.16.jpeg\" data-src=\"https:\/\/eldiariodesanpedro.com.ar\/sitio\/wp-content\/uploads\/2022\/02\/WhatsApp-Image-2022-02-11-at-09.21.16.jpeg\" alt=\"\" class=\"wp-image-104017 lazyload\" data-srcset=\"https:\/\/eldiariodesanpedro.com.ar\/sitio\/wp-content\/uploads\/2022\/02\/WhatsApp-Image-2022-02-11-at-09.21.16.jpeg 504w, https:\/\/eldiariodesanpedro.com.ar\/sitio\/wp-content\/uploads\/2022\/02\/WhatsApp-Image-2022-02-11-at-09.21.16-240x300.jpeg 240w\" data-sizes=\"(max-width: 504px) 100vw, 504px\" src=\"data:image\/svg+xml;base64,PHN2ZyB3aWR0aD0iMSIgaGVpZ2h0PSIxIiB4bWxucz0iaHR0cDovL3d3dy53My5vcmcvMjAwMC9zdmciPjwvc3ZnPg==\" style=\"--smush-placeholder-width: 504px; --smush-placeholder-aspect-ratio: 504\/630;\" \/><\/figure>\n\n\n\n<figure class=\"wp-block-image size-full\"><img decoding=\"async\" width=\"540\" height=\"540\" data-attachment-id=\"104018\" data-permalink=\"https:\/\/eldiariodesanpedro.com.ar\/sitio\/funciones-del-sabado-en-el-centro-cultural-abelardo-castillo\/whatsapp-image-2022-02-11-at-09-21-17\/\" data-orig-file=\"https:\/\/eldiariodesanpedro.com.ar\/sitio\/wp-content\/uploads\/2022\/02\/WhatsApp-Image-2022-02-11-at-09.21.17.jpeg\" data-orig-size=\"540,540\" data-comments-opened=\"0\" data-image-meta=\"{&quot;aperture&quot;:&quot;0&quot;,&quot;credit&quot;:&quot;&quot;,&quot;camera&quot;:&quot;&quot;,&quot;caption&quot;:&quot;&quot;,&quot;created_timestamp&quot;:&quot;0&quot;,&quot;copyright&quot;:&quot;&quot;,&quot;focal_length&quot;:&quot;0&quot;,&quot;iso&quot;:&quot;0&quot;,&quot;shutter_speed&quot;:&quot;0&quot;,&quot;title&quot;:&quot;&quot;,&quot;orientation&quot;:&quot;0&quot;}\" data-image-title=\"WhatsApp Image 2022-02-11 at 09.21.17\" data-image-description=\"\" data-image-caption=\"\" data-large-file=\"https:\/\/eldiariodesanpedro.com.ar\/sitio\/wp-content\/uploads\/2022\/02\/WhatsApp-Image-2022-02-11-at-09.21.17.jpeg\" data-src=\"https:\/\/eldiariodesanpedro.com.ar\/sitio\/wp-content\/uploads\/2022\/02\/WhatsApp-Image-2022-02-11-at-09.21.17.jpeg\" alt=\"\" class=\"wp-image-104018 lazyload\" data-srcset=\"https:\/\/eldiariodesanpedro.com.ar\/sitio\/wp-content\/uploads\/2022\/02\/WhatsApp-Image-2022-02-11-at-09.21.17.jpeg 540w, https:\/\/eldiariodesanpedro.com.ar\/sitio\/wp-content\/uploads\/2022\/02\/WhatsApp-Image-2022-02-11-at-09.21.17-300x300.jpeg 300w, https:\/\/eldiariodesanpedro.com.ar\/sitio\/wp-content\/uploads\/2022\/02\/WhatsApp-Image-2022-02-11-at-09.21.17-150x150.jpeg 150w\" data-sizes=\"(max-width: 540px) 100vw, 540px\" src=\"data:image\/svg+xml;base64,PHN2ZyB3aWR0aD0iMSIgaGVpZ2h0PSIxIiB4bWxucz0iaHR0cDovL3d3dy53My5vcmcvMjAwMC9zdmciPjwvc3ZnPg==\" style=\"--smush-placeholder-width: 540px; --smush-placeholder-aspect-ratio: 540\/540;\" \/><\/figure>\n","protected":false},"excerpt":{"rendered":"<p>La Municipalidad de San Pedro informa que las funciones de \u00abHisopad\u00edsimos\u00bb y el \u00abShow de Talentos\u00bb se realizar\u00e1n nuevamente en el Centro Cultural Abelardo Castillo, cumpliendo con todos los protocolos sanitarios previstos. La decisi\u00f3n se ha tomado anticipadamente, ante las probabilidades de mal tiempo y para poder ofrecer los espect\u00e1culos con las condiciones que los [&hellip;]<\/p>\n","protected":false},"author":4,"featured_media":102865,"comment_status":"closed","ping_status":"closed","sticky":false,"template":"","format":"standard","meta":{"om_disable_all_campaigns":false,"_jetpack_memberships_contains_paid_content":false,"footnotes":""},"categories":[101,2],"tags":[197,696,33,19],"class_list":["post-104016","post","type-post","status-publish","format-standard","has-post-thumbnail","hentry","category-interes-general-locales","category-locales","tag-buenos-aires","tag-interes-general","tag-locales","tag-san-pedro"],"aioseo_notices":[],"gutentor_comment":0,"jetpack_featured_media_url":"https:\/\/eldiariodesanpedro.com.ar\/sitio\/wp-content\/uploads\/2022\/01\/WhatsApp-Image-2022-01-10-at-13.03.27.jpeg","jetpack_shortlink":"https:\/\/wp.me\/p6RhLt-r3G","jetpack_sharing_enabled":true,"_links":{"self":[{"href":"https:\/\/eldiariodesanpedro.com.ar\/sitio\/wp-json\/wp\/v2\/posts\/104016","targetHints":{"allow":["GET"]}}],"collection":[{"href":"https:\/\/eldiariodesanpedro.com.ar\/sitio\/wp-json\/wp\/v2\/posts"}],"about":[{"href":"https:\/\/eldiariodesanpedro.com.ar\/sitio\/wp-json\/wp\/v2\/types\/post"}],"author":[{"embeddable":true,"href":"https:\/\/eldiariodesanpedro.com.ar\/sitio\/wp-json\/wp\/v2\/users\/4"}],"replies":[{"embeddable":true,"href":"https:\/\/eldiariodesanpedro.com.ar\/sitio\/wp-json\/wp\/v2\/comments?post=104016"}],"version-history":[{"count":1,"href":"https:\/\/eldiariodesanpedro.com.ar\/sitio\/wp-json\/wp\/v2\/posts\/104016\/revisions"}],"predecessor-version":[{"id":104019,"href":"https:\/\/eldiariodesanpedro.com.ar\/sitio\/wp-json\/wp\/v2\/posts\/104016\/revisions\/104019"}],"wp:featuredmedia":[{"embeddable":true,"href":"https:\/\/eldiariodesanpedro.com.ar\/sitio\/wp-json\/wp\/v2\/media\/102865"}],"wp:attachment":[{"href":"https:\/\/eldiariodesanpedro.com.ar\/sitio\/wp-json\/wp\/v2\/media?parent=104016"}],"wp:term":[{"taxonomy":"category","embeddable":true,"href":"https:\/\/eldiariodesanpedro.com.ar\/sitio\/wp-json\/wp\/v2\/categories?post=104016"},{"taxonomy":"post_tag","embeddable":true,"href":"https:\/\/eldiariodesanpedro.com.ar\/sitio\/wp-json\/wp\/v2\/tags?post=104016"}],"curies":[{"name":"wp","href":"https:\/\/api.w.org\/{rel}","templated":true}]}}