{"id":104013,"date":"2022-02-11T12:58:51","date_gmt":"2022-02-11T15:58:51","guid":{"rendered":"https:\/\/eldiariodesanpedro.com.ar\/sitio\/?p=104013"},"modified":"2022-02-11T12:58:52","modified_gmt":"2022-02-11T15:58:52","slug":"a-punta-de-pistola-delincuente-le-roban-a-una-pareja-en-la-zona-del-via-crucis","status":"publish","type":"post","link":"https:\/\/eldiariodesanpedro.com.ar\/sitio\/a-punta-de-pistola-delincuente-le-roban-a-una-pareja-en-la-zona-del-via-crucis\/","title":{"rendered":"A punta de pistola delincuente le roban a una pareja en la zona del V\u00eda Crucis"},"content":{"rendered":"<!-- VideographyWP Plugin Message: Automatic video embedding prevented by plugin options. -->\n\n<p>Este jueves en horas de la noche un joven de 23 a\u00f1os que se encontraba con su novia de 22 a\u00f1os en la zona de v\u00eda crucis de las calle Miguel Porta y su par Almirante Brown de este medio, fueron abordados por dos delincuentes no identificados que mediante intimidaci\u00f3n con un arma de fuego le sustraen dos tel\u00e9fonos celulares marca Motorola y Samsung respectivamente,&nbsp; y la suma en pesos en efectivos de 2000 para luego darse a la fuga por calle San Lorenzo.&nbsp;<\/p>\n\n\n\n<p>Las v\u00edctimas resultaron ilesas. y tom\u00f3 intervenci\u00f3n la UFI 11 en conjunto con el GTO para dar con los delincuentes.<\/p>\n","protected":false},"excerpt":{"rendered":"<p>Este jueves en horas de la noche un joven de 23 a\u00f1os que se encontraba con su novia de 22 a\u00f1os en la zona de v\u00eda crucis de las calle Miguel Porta y su par Almirante Brown de este medio, fueron abordados por dos delincuentes no identificados que mediante intimidaci\u00f3n con un arma de fuego [&hellip;]<\/p>\n","protected":false},"author":4,"featured_media":57215,"comment_status":"closed","ping_status":"closed","sticky":false,"template":"","format":"standard","meta":{"om_disable_all_campaigns":false,"_jetpack_memberships_contains_paid_content":false,"footnotes":""},"categories":[50,2,103],"tags":[197,33,95,19],"class_list":["post-104013","post","type-post","status-publish","format-standard","has-post-thumbnail","hentry","category-destacadas","category-locales","category-policiales-locales","tag-buenos-aires","tag-locales","tag-policiales","tag-san-pedro"],"aioseo_notices":[],"gutentor_comment":0,"jetpack_featured_media_url":"https:\/\/eldiariodesanpedro.com.ar\/sitio\/wp-content\/uploads\/2019\/07\/comisaria_1.jpg","jetpack_shortlink":"https:\/\/wp.me\/p6RhLt-r3D","jetpack_sharing_enabled":true,"_links":{"self":[{"href":"https:\/\/eldiariodesanpedro.com.ar\/sitio\/wp-json\/wp\/v2\/posts\/104013","targetHints":{"allow":["GET"]}}],"collection":[{"href":"https:\/\/eldiariodesanpedro.com.ar\/sitio\/wp-json\/wp\/v2\/posts"}],"about":[{"href":"https:\/\/eldiariodesanpedro.com.ar\/sitio\/wp-json\/wp\/v2\/types\/post"}],"author":[{"embeddable":true,"href":"https:\/\/eldiariodesanpedro.com.ar\/sitio\/wp-json\/wp\/v2\/users\/4"}],"replies":[{"embeddable":true,"href":"https:\/\/eldiariodesanpedro.com.ar\/sitio\/wp-json\/wp\/v2\/comments?post=104013"}],"version-history":[{"count":1,"href":"https:\/\/eldiariodesanpedro.com.ar\/sitio\/wp-json\/wp\/v2\/posts\/104013\/revisions"}],"predecessor-version":[{"id":104014,"href":"https:\/\/eldiariodesanpedro.com.ar\/sitio\/wp-json\/wp\/v2\/posts\/104013\/revisions\/104014"}],"wp:featuredmedia":[{"embeddable":true,"href":"https:\/\/eldiariodesanpedro.com.ar\/sitio\/wp-json\/wp\/v2\/media\/57215"}],"wp:attachment":[{"href":"https:\/\/eldiariodesanpedro.com.ar\/sitio\/wp-json\/wp\/v2\/media?parent=104013"}],"wp:term":[{"taxonomy":"category","embeddable":true,"href":"https:\/\/eldiariodesanpedro.com.ar\/sitio\/wp-json\/wp\/v2\/categories?post=104013"},{"taxonomy":"post_tag","embeddable":true,"href":"https:\/\/eldiariodesanpedro.com.ar\/sitio\/wp-json\/wp\/v2\/tags?post=104013"}],"curies":[{"name":"wp","href":"https:\/\/api.w.org\/{rel}","templated":true}]}}