{"id":104011,"date":"2022-02-11T12:46:48","date_gmt":"2022-02-11T15:46:48","guid":{"rendered":"https:\/\/eldiariodesanpedro.com.ar\/sitio\/?p=104011"},"modified":"2022-02-11T12:46:49","modified_gmt":"2022-02-11T15:46:49","slug":"le-entraron-a-robar-cuando-no-estaba-y-se-llevaron-dos-televisores-y-una-bicicleta","status":"publish","type":"post","link":"https:\/\/eldiariodesanpedro.com.ar\/sitio\/le-entraron-a-robar-cuando-no-estaba-y-se-llevaron-dos-televisores-y-una-bicicleta\/","title":{"rendered":"Le entraron a robar cuando no estaba y se llevaron dos televisores y una bicicleta"},"content":{"rendered":"<!-- VideographyWP Plugin Message: Automatic video embedding prevented by plugin options. -->\n\n<p>Este jueves alrededor de las 18 hs se realiz\u00f3 una denuncia en la comisar\u00eda por parte de un ciudadano de 66 a\u00f1os quien declar\u00f3 que momento antes al llegar a su domicilio de la calle Manuel Iglesias 1600 aprox habi\u00e9ndose retirado a las 13 hs del mismo dia&nbsp; constatando que ignorados tras violentar puerta trasera le sustraen una bicicleta Mountain Bike y dos televisores del de 42 y 32 pulgadas.&nbsp;<\/p>\n\n\n\n<p>Com. UFI Nro. 11 Intervenci\u00f3n Gabinete Criminol\u00f3gico.-<\/p>\n","protected":false},"excerpt":{"rendered":"<p>Este jueves alrededor de las 18 hs se realiz\u00f3 una denuncia en la comisar\u00eda por parte de un ciudadano de 66 a\u00f1os quien declar\u00f3 que momento antes al llegar a su domicilio de la calle Manuel Iglesias 1600 aprox habi\u00e9ndose retirado a las 13 hs del mismo dia&nbsp; constatando que ignorados tras violentar puerta trasera [&hellip;]<\/p>\n","protected":false},"author":4,"featured_media":77910,"comment_status":"closed","ping_status":"closed","sticky":false,"template":"","format":"standard","meta":{"om_disable_all_campaigns":false,"_jetpack_memberships_contains_paid_content":false,"footnotes":""},"categories":[2,103],"tags":[197,696,33,19],"class_list":["post-104011","post","type-post","status-publish","format-standard","has-post-thumbnail","hentry","category-locales","category-policiales-locales","tag-buenos-aires","tag-interes-general","tag-locales","tag-san-pedro"],"aioseo_notices":[],"gutentor_comment":0,"jetpack_featured_media_url":"https:\/\/eldiariodesanpedro.com.ar\/sitio\/wp-content\/uploads\/2020\/07\/no_ssowqejple3k931nop1c56465t83uu31kc3o1tm219bh1_1_.jpg","jetpack_shortlink":"https:\/\/wp.me\/p6RhLt-r3B","jetpack_sharing_enabled":true,"_links":{"self":[{"href":"https:\/\/eldiariodesanpedro.com.ar\/sitio\/wp-json\/wp\/v2\/posts\/104011","targetHints":{"allow":["GET"]}}],"collection":[{"href":"https:\/\/eldiariodesanpedro.com.ar\/sitio\/wp-json\/wp\/v2\/posts"}],"about":[{"href":"https:\/\/eldiariodesanpedro.com.ar\/sitio\/wp-json\/wp\/v2\/types\/post"}],"author":[{"embeddable":true,"href":"https:\/\/eldiariodesanpedro.com.ar\/sitio\/wp-json\/wp\/v2\/users\/4"}],"replies":[{"embeddable":true,"href":"https:\/\/eldiariodesanpedro.com.ar\/sitio\/wp-json\/wp\/v2\/comments?post=104011"}],"version-history":[{"count":1,"href":"https:\/\/eldiariodesanpedro.com.ar\/sitio\/wp-json\/wp\/v2\/posts\/104011\/revisions"}],"predecessor-version":[{"id":104012,"href":"https:\/\/eldiariodesanpedro.com.ar\/sitio\/wp-json\/wp\/v2\/posts\/104011\/revisions\/104012"}],"wp:featuredmedia":[{"embeddable":true,"href":"https:\/\/eldiariodesanpedro.com.ar\/sitio\/wp-json\/wp\/v2\/media\/77910"}],"wp:attachment":[{"href":"https:\/\/eldiariodesanpedro.com.ar\/sitio\/wp-json\/wp\/v2\/media?parent=104011"}],"wp:term":[{"taxonomy":"category","embeddable":true,"href":"https:\/\/eldiariodesanpedro.com.ar\/sitio\/wp-json\/wp\/v2\/categories?post=104011"},{"taxonomy":"post_tag","embeddable":true,"href":"https:\/\/eldiariodesanpedro.com.ar\/sitio\/wp-json\/wp\/v2\/tags?post=104011"}],"curies":[{"name":"wp","href":"https:\/\/api.w.org\/{rel}","templated":true}]}}