{"id":104007,"date":"2022-02-11T11:24:27","date_gmt":"2022-02-11T14:24:27","guid":{"rendered":"https:\/\/eldiariodesanpedro.com.ar\/sitio\/?p=104007"},"modified":"2022-02-11T11:24:27","modified_gmt":"2022-02-11T14:24:27","slug":"dos-accidentes-de-transitos-ocurrieron-el-dia-de-ayer-2","status":"publish","type":"post","link":"https:\/\/eldiariodesanpedro.com.ar\/sitio\/dos-accidentes-de-transitos-ocurrieron-el-dia-de-ayer-2\/","title":{"rendered":"Dos accidentes de tr\u00e1nsitos ocurrieron el d\u00eda de ayer"},"content":{"rendered":"<!-- VideographyWP Plugin Message: Automatic video embedding prevented by plugin options. -->\n\n<p>Este jueves ocurrieron dos accidentes de tr\u00e1nsito donde se vieron involucrados un autom\u00f3vil y una motocicleta.&nbsp;<\/p>\n\n\n\n<p>Alrededor de las 16 hs el personal policial se hace presente en Thorne e Hip\u00f3lito Irigoyen, donde por cuestiones que se trata de establecer autom\u00f3vil guiado por un ciudadano colisiona con motocicleta conducida por&nbsp; otro masculino, llevando un acompa\u00f1ante&nbsp; tambi\u00e9n masculino resultancia conductor y acompa\u00f1ante motocicleta trasladados al hospital m\u00e9dico de guardia constat\u00f3 lesiones leves. UFI 11 en turno dispone entrega de veh\u00edculos.<\/p>\n\n\n\n<p>Horas m\u00e1s tarde alrededor de las 20:30 horas el personal policial alertado acude a Sarmiento y Benito Urraco de San Pedro, donde por razones que se tratan de establecer habr\u00eda colisionado un&nbsp; veh\u00edculo de automotor conducido por masculino de 35 a\u00f1os, contra una motocicleta conducida por masculino de 24 a\u00f1os.&nbsp;<\/p>\n\n\n\n<p>Resultados del accidente conductor rodado menor trasladado a guardia del nosocomio local. El m\u00e9dico de guardia constat\u00f3 lesiones de car\u00e1cter leves. UFI Nro.11.-<\/p>\n","protected":false},"excerpt":{"rendered":"<p>Este jueves ocurrieron dos accidentes de tr\u00e1nsito donde se vieron involucrados un autom\u00f3vil y una motocicleta.&nbsp; Alrededor de las 16 hs el personal policial se hace presente en Thorne e Hip\u00f3lito Irigoyen, donde por cuestiones que se trata de establecer autom\u00f3vil guiado por un ciudadano colisiona con motocicleta conducida por&nbsp; otro masculino, llevando un acompa\u00f1ante&nbsp; [&hellip;]<\/p>\n","protected":false},"author":4,"featured_media":104009,"comment_status":"closed","ping_status":"closed","sticky":false,"template":"","format":"standard","meta":{"om_disable_all_campaigns":false,"_jetpack_memberships_contains_paid_content":false,"footnotes":""},"categories":[50,2,103],"tags":[197,33,95,19],"class_list":["post-104007","post","type-post","status-publish","format-standard","has-post-thumbnail","hentry","category-destacadas","category-locales","category-policiales-locales","tag-buenos-aires","tag-locales","tag-policiales","tag-san-pedro"],"aioseo_notices":[],"gutentor_comment":0,"jetpack_featured_media_url":"https:\/\/eldiariodesanpedro.com.ar\/sitio\/wp-content\/uploads\/2022\/02\/IMG_20220210_213611.jpg","jetpack_shortlink":"https:\/\/wp.me\/p6RhLt-r3x","jetpack_sharing_enabled":true,"_links":{"self":[{"href":"https:\/\/eldiariodesanpedro.com.ar\/sitio\/wp-json\/wp\/v2\/posts\/104007","targetHints":{"allow":["GET"]}}],"collection":[{"href":"https:\/\/eldiariodesanpedro.com.ar\/sitio\/wp-json\/wp\/v2\/posts"}],"about":[{"href":"https:\/\/eldiariodesanpedro.com.ar\/sitio\/wp-json\/wp\/v2\/types\/post"}],"author":[{"embeddable":true,"href":"https:\/\/eldiariodesanpedro.com.ar\/sitio\/wp-json\/wp\/v2\/users\/4"}],"replies":[{"embeddable":true,"href":"https:\/\/eldiariodesanpedro.com.ar\/sitio\/wp-json\/wp\/v2\/comments?post=104007"}],"version-history":[{"count":1,"href":"https:\/\/eldiariodesanpedro.com.ar\/sitio\/wp-json\/wp\/v2\/posts\/104007\/revisions"}],"predecessor-version":[{"id":104010,"href":"https:\/\/eldiariodesanpedro.com.ar\/sitio\/wp-json\/wp\/v2\/posts\/104007\/revisions\/104010"}],"wp:featuredmedia":[{"embeddable":true,"href":"https:\/\/eldiariodesanpedro.com.ar\/sitio\/wp-json\/wp\/v2\/media\/104009"}],"wp:attachment":[{"href":"https:\/\/eldiariodesanpedro.com.ar\/sitio\/wp-json\/wp\/v2\/media?parent=104007"}],"wp:term":[{"taxonomy":"category","embeddable":true,"href":"https:\/\/eldiariodesanpedro.com.ar\/sitio\/wp-json\/wp\/v2\/categories?post=104007"},{"taxonomy":"post_tag","embeddable":true,"href":"https:\/\/eldiariodesanpedro.com.ar\/sitio\/wp-json\/wp\/v2\/tags?post=104007"}],"curies":[{"name":"wp","href":"https:\/\/api.w.org\/{rel}","templated":true}]}}