{"id":103993,"date":"2022-02-10T14:40:14","date_gmt":"2022-02-10T17:40:14","guid":{"rendered":"https:\/\/eldiariodesanpedro.com.ar\/sitio\/?p=103993"},"modified":"2022-02-10T14:40:15","modified_gmt":"2022-02-10T17:40:15","slug":"espectacular-operativo-con-mas-de-400-policias-para-secuestrar-50-caballos-en-la-zona-de-la-tosquera","status":"publish","type":"post","link":"https:\/\/eldiariodesanpedro.com.ar\/sitio\/espectacular-operativo-con-mas-de-400-policias-para-secuestrar-50-caballos-en-la-zona-de-la-tosquera\/","title":{"rendered":"Espectacular operativo con mas de 400 policias para secuestrar 50 caballos en la zona de La Tosquera"},"content":{"rendered":"<!-- VideographyWP Plugin Message: Automatic video embedding prevented by plugin options. -->\n\n<p>Funcionarios de distintas dependencias del CPR e Infanter\u00eda encabezaron un imponente operativo en el barrio La Tosquera con el objetivo de dar con los responsables de los hechos delictivos cometidos en la zona rural. Secuestraron m\u00e1s de 50 caballos.<\/p>\n\n\n\n<p>Durante la ma\u00f1ana del jueves unos 400 polic\u00edas pertenecientes al Comando de Prevenci\u00f3n Rural e Infanter\u00eda encabezaron un espectacular operativo en el barrio La Tosquera.<\/p>\n\n\n\n<p>Las tareas fueron coordinadas directamente por el Ministerio de Seguridad de la provincia de Buenos Aires y sus funcionarios en persona acompa\u00f1aron el procedimiento, alli estuvieron presentes el subsecretario de fiscalizaci\u00f3n y control policial del interior comisario Guillermo Calvi\u00f1o y la directora de coordinaci\u00f3n de la polic\u00eda rural de la provincia de Buenos Aires doctora Natalia Rama.<\/p>\n\n\n\n<p>Las tareas se puntualizaron en ese lugar debido a que la mayor\u00eda de las denuncias efectuadas por el robo de ganados y distintos establecimientos en la zona de campos relacionan a los autores de los hechos con ese lugar que ser\u00eda d\u00f3nde se resguarda todo lo sustra\u00eddo.<\/p>\n\n\n\n<p>Es por eso qu\u00e9 se secuestraron m\u00e1s de 50 caballos y otros elementos de valor que ser\u00e1n evaluados y analizados para saber si tienen relaci\u00f3n con los delitos denunciados adem\u00e1s de poder establecer el estado sanitario de los animales que seg\u00fan los funcionarios no est\u00e1n bien cuidados.<\/p>\n\n\n\n<p>\u00abEstamos viendo los resultados de una tarea que hab\u00edamos planificado desde el ministerio\u00bb.<\/p>\n\n\n\n<p>\u00abFinalmente hemos decidido hacer este operativo en el barrio La Tosquera debido a los hechos que ya son de p\u00fablico conocimiento y que se han cometido en la zona rural\u00bb, dijo Calvi\u00f1o en el aire de FM G\u00e9nesis.<\/p>\n\n\n\n<p>\u00abLa idea es desalentar la comisi\u00f3n del delito\u00bb.<\/p>\n\n\n\n<p>Por su parte la doctora Natalia Rama, directora de coordinaci\u00f3n de la polic\u00eda rural tambi\u00e9n agreg\u00f3: \u00abEste operativo surge a ra\u00edz de los reclamos que la gente del campo no ven\u00eda efectuando\u00bb.&nbsp;<\/p>\n\n\n\n<p>\u00abHemos observado que los animales por su especie no se encuentran en los lugares adecuados ni tienen el cuidado que necesitan\u00bb.<\/p>\n\n\n\n<p>\u00abNo pueden permanecer en la v\u00eda p\u00fablica porque generan riesgos para su salud y tambi\u00e9n para el resto de la comunidad, claramente no est\u00e1n bien alimentados, estos animales no se pueden alimentar de basura, sin sanidad\u00bb.<\/p>\n\n\n\n<p>\u00abAhora el paso siguiente es hacer un an\u00e1lisis de cada animal y dejar en manos del \u00e1rea sanitaria que eval\u00faa el estado de cada uno. En principio quedar\u00e1n en cuarentena hasta que se sepan los resultados\u00bb.<\/p>\n\n\n\n<p>\u00abSon m\u00e1s de 50 animales porque entre ellos hay muchas yeguas que est\u00e1n pre\u00f1adas\u00bb.<\/p>\n\n\n\n<p>\u00abPor ahora los animales quedar\u00e1n en depositarios judiciales hasta que el proceso termine, es decir que tendr\u00e1n una guarda provisoria\u00bb.<\/p>\n\n\n\n<p>Fuente: <a href=\"https:\/\/www.sanpedroinforma.com.ar\/news-124782-m%C3%A1s-de-400-polic%C3%ADas-allanaron-el-barrio-la-tosquera\">San Pedro Informa<\/a><\/p>\n","protected":false},"excerpt":{"rendered":"<p>Funcionarios de distintas dependencias del CPR e Infanter\u00eda encabezaron un imponente operativo en el barrio La Tosquera con el objetivo de dar con los responsables de los hechos delictivos cometidos en la zona rural. Secuestraron m\u00e1s de 50 caballos. Durante la ma\u00f1ana del jueves unos 400 polic\u00edas pertenecientes al Comando de Prevenci\u00f3n Rural e Infanter\u00eda [&hellip;]<\/p>\n","protected":false},"author":4,"featured_media":103994,"comment_status":"closed","ping_status":"closed","sticky":false,"template":"","format":"standard","meta":{"om_disable_all_campaigns":false,"_jetpack_memberships_contains_paid_content":false,"footnotes":""},"categories":[50,2,103],"tags":[197,2679,696,33,95,19],"class_list":["post-103993","post","type-post","status-publish","format-standard","has-post-thumbnail","hentry","category-destacadas","category-locales","category-policiales-locales","tag-buenos-aires","tag-espectacular-operativo-con-mas-de-400-policias-para-secuestrar-50-caballos-en-la-zona-de-la-tosquera","tag-interes-general","tag-locales","tag-policiales","tag-san-pedro"],"aioseo_notices":[],"gutentor_comment":0,"jetpack_featured_media_url":"https:\/\/eldiariodesanpedro.com.ar\/sitio\/wp-content\/uploads\/2022\/02\/0000020691-resized-1920x1080-1.jpg","jetpack_shortlink":"https:\/\/wp.me\/p6RhLt-r3j","jetpack_sharing_enabled":true,"_links":{"self":[{"href":"https:\/\/eldiariodesanpedro.com.ar\/sitio\/wp-json\/wp\/v2\/posts\/103993","targetHints":{"allow":["GET"]}}],"collection":[{"href":"https:\/\/eldiariodesanpedro.com.ar\/sitio\/wp-json\/wp\/v2\/posts"}],"about":[{"href":"https:\/\/eldiariodesanpedro.com.ar\/sitio\/wp-json\/wp\/v2\/types\/post"}],"author":[{"embeddable":true,"href":"https:\/\/eldiariodesanpedro.com.ar\/sitio\/wp-json\/wp\/v2\/users\/4"}],"replies":[{"embeddable":true,"href":"https:\/\/eldiariodesanpedro.com.ar\/sitio\/wp-json\/wp\/v2\/comments?post=103993"}],"version-history":[{"count":1,"href":"https:\/\/eldiariodesanpedro.com.ar\/sitio\/wp-json\/wp\/v2\/posts\/103993\/revisions"}],"predecessor-version":[{"id":103995,"href":"https:\/\/eldiariodesanpedro.com.ar\/sitio\/wp-json\/wp\/v2\/posts\/103993\/revisions\/103995"}],"wp:featuredmedia":[{"embeddable":true,"href":"https:\/\/eldiariodesanpedro.com.ar\/sitio\/wp-json\/wp\/v2\/media\/103994"}],"wp:attachment":[{"href":"https:\/\/eldiariodesanpedro.com.ar\/sitio\/wp-json\/wp\/v2\/media?parent=103993"}],"wp:term":[{"taxonomy":"category","embeddable":true,"href":"https:\/\/eldiariodesanpedro.com.ar\/sitio\/wp-json\/wp\/v2\/categories?post=103993"},{"taxonomy":"post_tag","embeddable":true,"href":"https:\/\/eldiariodesanpedro.com.ar\/sitio\/wp-json\/wp\/v2\/tags?post=103993"}],"curies":[{"name":"wp","href":"https:\/\/api.w.org\/{rel}","templated":true}]}}