{"id":103990,"date":"2022-02-10T14:28:21","date_gmt":"2022-02-10T17:28:21","guid":{"rendered":"https:\/\/eldiariodesanpedro.com.ar\/sitio\/?p=103990"},"modified":"2022-02-10T14:28:21","modified_gmt":"2022-02-10T17:28:21","slug":"%ef%bf%bcel-municipio-obtuvo-la-aprobacion-del-proyecto-para-la-construccion-de-25-viviendas-en-rio-tala%ef%bf%bc","status":"publish","type":"post","link":"https:\/\/eldiariodesanpedro.com.ar\/sitio\/%ef%bf%bcel-municipio-obtuvo-la-aprobacion-del-proyecto-para-la-construccion-de-25-viviendas-en-rio-tala%ef%bf%bc\/","title":{"rendered":"\ufffcEl Municipio obtuvo la aprobaci\u00f3n del proyecto para la construcci\u00f3n de 25 viviendas en R\u00edo Tala\ufffc"},"content":{"rendered":"<!-- VideographyWP Plugin Message: Automatic video embedding prevented by plugin options. -->\n\n<p>El proyecto elaborado por la secretar\u00eda de Infraestructura y Planeamiento que encabeza Javier Silva ya cuenta con la no objeci\u00f3n t\u00e9cnica. Se enmarca en el programa Casa Propia &#8211; Construir Futuro del ministerio de Desarrollo Territorial y H\u00e1bitat. El presupuesto total ser\u00e1 de m\u00e1s de 142 millones de pesos.<\/p>\n\n\n\n<p>Mientras se aguardan novedades sobre la adjudicaci\u00f3n de los planes de viviendas en los que ya se ha abierto la inscripci\u00f3n, la&nbsp;<strong>secretar\u00eda de Infraestructura y Planeamiento<\/strong>&nbsp;que conduce&nbsp;<strong>Javier Silva<\/strong>&nbsp;recibi\u00f3 una excelente y esperada noticia.<\/p>\n\n\n\n<p>Se trata de la aprobaci\u00f3n t\u00e9cnica para las&nbsp;<strong>25 viviendas<\/strong>&nbsp;que ser\u00e1n construidas en&nbsp;<strong>R\u00edo Tala<\/strong>, en el marco del&nbsp;<strong>Programa Casa Propia-Construir Futuro<\/strong>, aprobado por la resoluci\u00f3n 16\/2021 del&nbsp;<strong>ministerio de Desarrollo Territorial y H\u00e1bitat<\/strong>.<\/p>\n\n\n\n<p>Esta confirmaci\u00f3n constituye un importante avance y, si bien&nbsp;<strong>queda a\u00fan la aprobaci\u00f3n financiera<\/strong>, es decir la aprobaci\u00f3n de los&nbsp;<strong>c\u00e1lculos de gastos presentados por el Municipio<\/strong>, la novedad implica que el ministerio considera viable el proyecto y ya dio el visto bueno para su concreci\u00f3n.&nbsp;<\/p>\n\n\n\n<p>En principio, el c\u00e1lculo de gastos elaborado por el \u00e1rea de Silva y sometido a la aprobaci\u00f3n ministerial da cuenta de una&nbsp;<strong>inversi\u00f3n de&nbsp;$ 142.968.906,25.<\/strong><\/p>\n\n\n\n<p>Por el momento, no hay novedades respecto a c\u00f3mo ser\u00e1n adjudicadas las viviendas aunque, en principio, podr\u00eda optarse por una\u00a0<strong>operatoria similar a la implementada para las 84 viviendas de Depietri<\/strong>, con la inscripci\u00f3n de quienes est\u00e9n interesados para participar luego de un sorteo.\u00a0<\/p>\n\n\n\n<p>Fuente: <a href=\"https:\/\/www.visionregional.com.ar\/noticia\/el-municipio-obtuvo-la-aprobacion-del-proyecto-para-la-construccion-de-25-viviendas-en-rio-tala-1644421130.html\">Vision Regional<\/a><\/p>\n","protected":false},"excerpt":{"rendered":"<p>El proyecto elaborado por la secretar\u00eda de Infraestructura y Planeamiento que encabeza Javier Silva ya cuenta con la no objeci\u00f3n t\u00e9cnica. Se enmarca en el programa Casa Propia &#8211; Construir Futuro del ministerio de Desarrollo Territorial y H\u00e1bitat. El presupuesto total ser\u00e1 de m\u00e1s de 142 millones de pesos. Mientras se aguardan novedades sobre la [&hellip;]<\/p>\n","protected":false},"author":4,"featured_media":103991,"comment_status":"closed","ping_status":"closed","sticky":false,"template":"","format":"standard","meta":{"om_disable_all_campaigns":false,"_jetpack_memberships_contains_paid_content":false,"footnotes":""},"categories":[50,101,2],"tags":[197,696,33,19],"class_list":["post-103990","post","type-post","status-publish","format-standard","has-post-thumbnail","hentry","category-destacadas","category-interes-general-locales","category-locales","tag-buenos-aires","tag-interes-general","tag-locales","tag-san-pedro"],"aioseo_notices":[],"gutentor_comment":0,"jetpack_featured_media_url":"https:\/\/eldiariodesanpedro.com.ar\/sitio\/wp-content\/uploads\/2022\/02\/barrio-rio-tala.jpeg","jetpack_shortlink":"https:\/\/wp.me\/p6RhLt-r3g","jetpack_sharing_enabled":true,"_links":{"self":[{"href":"https:\/\/eldiariodesanpedro.com.ar\/sitio\/wp-json\/wp\/v2\/posts\/103990","targetHints":{"allow":["GET"]}}],"collection":[{"href":"https:\/\/eldiariodesanpedro.com.ar\/sitio\/wp-json\/wp\/v2\/posts"}],"about":[{"href":"https:\/\/eldiariodesanpedro.com.ar\/sitio\/wp-json\/wp\/v2\/types\/post"}],"author":[{"embeddable":true,"href":"https:\/\/eldiariodesanpedro.com.ar\/sitio\/wp-json\/wp\/v2\/users\/4"}],"replies":[{"embeddable":true,"href":"https:\/\/eldiariodesanpedro.com.ar\/sitio\/wp-json\/wp\/v2\/comments?post=103990"}],"version-history":[{"count":1,"href":"https:\/\/eldiariodesanpedro.com.ar\/sitio\/wp-json\/wp\/v2\/posts\/103990\/revisions"}],"predecessor-version":[{"id":103992,"href":"https:\/\/eldiariodesanpedro.com.ar\/sitio\/wp-json\/wp\/v2\/posts\/103990\/revisions\/103992"}],"wp:featuredmedia":[{"embeddable":true,"href":"https:\/\/eldiariodesanpedro.com.ar\/sitio\/wp-json\/wp\/v2\/media\/103991"}],"wp:attachment":[{"href":"https:\/\/eldiariodesanpedro.com.ar\/sitio\/wp-json\/wp\/v2\/media?parent=103990"}],"wp:term":[{"taxonomy":"category","embeddable":true,"href":"https:\/\/eldiariodesanpedro.com.ar\/sitio\/wp-json\/wp\/v2\/categories?post=103990"},{"taxonomy":"post_tag","embeddable":true,"href":"https:\/\/eldiariodesanpedro.com.ar\/sitio\/wp-json\/wp\/v2\/tags?post=103990"}],"curies":[{"name":"wp","href":"https:\/\/api.w.org\/{rel}","templated":true}]}}