{"id":103987,"date":"2022-02-10T14:21:08","date_gmt":"2022-02-10T17:21:08","guid":{"rendered":"https:\/\/eldiariodesanpedro.com.ar\/sitio\/?p=103987"},"modified":"2022-02-10T14:21:08","modified_gmt":"2022-02-10T17:21:08","slug":"el-comisario-ruben-tenorio-es-el-nuevo-jefe-en-la-patrulla-rural","status":"publish","type":"post","link":"https:\/\/eldiariodesanpedro.com.ar\/sitio\/el-comisario-ruben-tenorio-es-el-nuevo-jefe-en-la-patrulla-rural\/","title":{"rendered":"El comisario Ruben Tenorio es el nuevo Jefe en la Patrulla Rural"},"content":{"rendered":"<!-- VideographyWP Plugin Message: Automatic video embedding prevented by plugin options. -->\n\n<p>El jefe policial asumi\u00f3 el cargo en las \u00faltimas horas, luego de haber dejado la Jefatura de Polic\u00eda Distrital de Arrecifes.<\/p>\n\n\n\n<p>El comisario Rub\u00e9n Dar\u00edo Tenorio asumi\u00f3 su nuevo cargo en San Pedro como Jefe del Comando de Patrulla Rural, volviendo a esta divisi\u00f3n de la fuerza en la que desarroll\u00f3 gran parte de su carrera.<\/p>\n\n\n\n<p>Tenorio fue puesto en funciones por otro conocido de Arrecifes, el comisario mayor Christian Su\u00e1rez, coordinador de la Zona de Seguridad Rural Pergamino, a la que tambi\u00e9n pertenece San Pedro.<\/p>\n\n\n\n<p>Tenorio lleg\u00f3 a Arrecifes luego de cumplir 19 a\u00f1os en la funci\u00f3n policial, de los cuales 17 fueron en la Polic\u00eda Rural: 15 en Arrecifes y 2 en Sarmiento.<\/p>\n","protected":false},"excerpt":{"rendered":"<p>El jefe policial asumi\u00f3 el cargo en las \u00faltimas horas, luego de haber dejado la Jefatura de Polic\u00eda Distrital de Arrecifes. El comisario Rub\u00e9n Dar\u00edo Tenorio asumi\u00f3 su nuevo cargo en San Pedro como Jefe del Comando de Patrulla Rural, volviendo a esta divisi\u00f3n de la fuerza en la que desarroll\u00f3 gran parte de su [&hellip;]<\/p>\n","protected":false},"author":4,"featured_media":103988,"comment_status":"closed","ping_status":"closed","sticky":false,"template":"","format":"standard","meta":{"om_disable_all_campaigns":false,"_jetpack_memberships_contains_paid_content":false,"footnotes":""},"categories":[101,2],"tags":[197,696,33,19],"class_list":["post-103987","post","type-post","status-publish","format-standard","has-post-thumbnail","hentry","category-interes-general-locales","category-locales","tag-buenos-aires","tag-interes-general","tag-locales","tag-san-pedro"],"aioseo_notices":[],"gutentor_comment":0,"jetpack_featured_media_url":"https:\/\/eldiariodesanpedro.com.ar\/sitio\/wp-content\/uploads\/2022\/02\/21-12-49-Christian-Suarez-Dario-Tenorio-San-Pedro-698x445-1.jpg","jetpack_shortlink":"https:\/\/wp.me\/p6RhLt-r3d","jetpack_sharing_enabled":true,"_links":{"self":[{"href":"https:\/\/eldiariodesanpedro.com.ar\/sitio\/wp-json\/wp\/v2\/posts\/103987","targetHints":{"allow":["GET"]}}],"collection":[{"href":"https:\/\/eldiariodesanpedro.com.ar\/sitio\/wp-json\/wp\/v2\/posts"}],"about":[{"href":"https:\/\/eldiariodesanpedro.com.ar\/sitio\/wp-json\/wp\/v2\/types\/post"}],"author":[{"embeddable":true,"href":"https:\/\/eldiariodesanpedro.com.ar\/sitio\/wp-json\/wp\/v2\/users\/4"}],"replies":[{"embeddable":true,"href":"https:\/\/eldiariodesanpedro.com.ar\/sitio\/wp-json\/wp\/v2\/comments?post=103987"}],"version-history":[{"count":1,"href":"https:\/\/eldiariodesanpedro.com.ar\/sitio\/wp-json\/wp\/v2\/posts\/103987\/revisions"}],"predecessor-version":[{"id":103989,"href":"https:\/\/eldiariodesanpedro.com.ar\/sitio\/wp-json\/wp\/v2\/posts\/103987\/revisions\/103989"}],"wp:featuredmedia":[{"embeddable":true,"href":"https:\/\/eldiariodesanpedro.com.ar\/sitio\/wp-json\/wp\/v2\/media\/103988"}],"wp:attachment":[{"href":"https:\/\/eldiariodesanpedro.com.ar\/sitio\/wp-json\/wp\/v2\/media?parent=103987"}],"wp:term":[{"taxonomy":"category","embeddable":true,"href":"https:\/\/eldiariodesanpedro.com.ar\/sitio\/wp-json\/wp\/v2\/categories?post=103987"},{"taxonomy":"post_tag","embeddable":true,"href":"https:\/\/eldiariodesanpedro.com.ar\/sitio\/wp-json\/wp\/v2\/tags?post=103987"}],"curies":[{"name":"wp","href":"https:\/\/api.w.org\/{rel}","templated":true}]}}