{"id":103978,"date":"2022-02-10T13:52:04","date_gmt":"2022-02-10T16:52:04","guid":{"rendered":"https:\/\/eldiariodesanpedro.com.ar\/sitio\/?p=103978"},"modified":"2022-02-10T13:52:05","modified_gmt":"2022-02-10T16:52:05","slug":"tareas-de-entoscado-en-barrio-escorial-y-bacheo-en-camino-a-villa-jardin","status":"publish","type":"post","link":"https:\/\/eldiariodesanpedro.com.ar\/sitio\/tareas-de-entoscado-en-barrio-escorial-y-bacheo-en-camino-a-villa-jardin\/","title":{"rendered":"Tareas de entoscado en barrio Escorial y bacheo en camino a Villa Jard\u00edn"},"content":{"rendered":"<!-- VideographyWP Plugin Message: Automatic video embedding prevented by plugin options. -->\n\n<p>Esta ma\u00f1ana personal de la Secretar\u00eda de Servicios P\u00fablicos ha comenzado a ejecutar una serie de tareas de reparaci\u00f3n en calles del barrio Escorial y Villa Jard\u00edn que presentaban dificultades para el tr\u00e1nsito.<\/p>\n\n\n\n<p>Se realizaron trabajos de entoscado en las calles que comprenden el barrio El Escorial y bacheo con material asf\u00e1ltico en caliente en camino a Villa Jard\u00edn.<\/p>\n\n\n\n<iframe data-src=\"https:\/\/www.facebook.com\/plugins\/post.php?href=https%3A%2F%2Fwww.facebook.com%2Fdiariosp2%2Fposts%2F267575648807641&#038;show_text=true&#038;width=500\" width=\"500\" height=\"671\" style=\"border:none;overflow:hidden\" scrolling=\"no\" frameborder=\"0\" allowfullscreen=\"true\" allow=\"autoplay; clipboard-write; encrypted-media; picture-in-picture; web-share\" src=\"data:image\/svg+xml;base64,PHN2ZyB3aWR0aD0iMSIgaGVpZ2h0PSIxIiB4bWxucz0iaHR0cDovL3d3dy53My5vcmcvMjAwMC9zdmciPjwvc3ZnPg==\" class=\"lazyload\" data-load-mode=\"1\"><\/iframe>\n","protected":false},"excerpt":{"rendered":"<p>Esta ma\u00f1ana personal de la Secretar\u00eda de Servicios P\u00fablicos ha comenzado a ejecutar una serie de tareas de reparaci\u00f3n en calles del barrio Escorial y Villa Jard\u00edn que presentaban dificultades para el tr\u00e1nsito. Se realizaron trabajos de entoscado en las calles que comprenden el barrio El Escorial y bacheo con material asf\u00e1ltico en caliente en [&hellip;]<\/p>\n","protected":false},"author":4,"featured_media":103979,"comment_status":"closed","ping_status":"closed","sticky":false,"template":"","format":"standard","meta":{"om_disable_all_campaigns":false,"_jetpack_memberships_contains_paid_content":false,"footnotes":""},"categories":[101,2],"tags":[],"class_list":["post-103978","post","type-post","status-publish","format-standard","has-post-thumbnail","hentry","category-interes-general-locales","category-locales"],"aioseo_notices":[],"gutentor_comment":0,"jetpack_featured_media_url":"https:\/\/eldiariodesanpedro.com.ar\/sitio\/wp-content\/uploads\/2022\/02\/medida-6.jpg","jetpack_shortlink":"https:\/\/wp.me\/p6RhLt-r34","jetpack_sharing_enabled":true,"_links":{"self":[{"href":"https:\/\/eldiariodesanpedro.com.ar\/sitio\/wp-json\/wp\/v2\/posts\/103978","targetHints":{"allow":["GET"]}}],"collection":[{"href":"https:\/\/eldiariodesanpedro.com.ar\/sitio\/wp-json\/wp\/v2\/posts"}],"about":[{"href":"https:\/\/eldiariodesanpedro.com.ar\/sitio\/wp-json\/wp\/v2\/types\/post"}],"author":[{"embeddable":true,"href":"https:\/\/eldiariodesanpedro.com.ar\/sitio\/wp-json\/wp\/v2\/users\/4"}],"replies":[{"embeddable":true,"href":"https:\/\/eldiariodesanpedro.com.ar\/sitio\/wp-json\/wp\/v2\/comments?post=103978"}],"version-history":[{"count":1,"href":"https:\/\/eldiariodesanpedro.com.ar\/sitio\/wp-json\/wp\/v2\/posts\/103978\/revisions"}],"predecessor-version":[{"id":103986,"href":"https:\/\/eldiariodesanpedro.com.ar\/sitio\/wp-json\/wp\/v2\/posts\/103978\/revisions\/103986"}],"wp:featuredmedia":[{"embeddable":true,"href":"https:\/\/eldiariodesanpedro.com.ar\/sitio\/wp-json\/wp\/v2\/media\/103979"}],"wp:attachment":[{"href":"https:\/\/eldiariodesanpedro.com.ar\/sitio\/wp-json\/wp\/v2\/media?parent=103978"}],"wp:term":[{"taxonomy":"category","embeddable":true,"href":"https:\/\/eldiariodesanpedro.com.ar\/sitio\/wp-json\/wp\/v2\/categories?post=103978"},{"taxonomy":"post_tag","embeddable":true,"href":"https:\/\/eldiariodesanpedro.com.ar\/sitio\/wp-json\/wp\/v2\/tags?post=103978"}],"curies":[{"name":"wp","href":"https:\/\/api.w.org\/{rel}","templated":true}]}}