{"id":103972,"date":"2022-02-10T13:24:42","date_gmt":"2022-02-10T16:24:42","guid":{"rendered":"https:\/\/eldiariodesanpedro.com.ar\/sitio\/?p=103972"},"modified":"2022-02-10T13:24:43","modified_gmt":"2022-02-10T16:24:43","slug":"a-mediados-de-febrero-sera-el-juicio-por-el-asesinato-de-maria-esperanza-fernandez","status":"publish","type":"post","link":"https:\/\/eldiariodesanpedro.com.ar\/sitio\/a-mediados-de-febrero-sera-el-juicio-por-el-asesinato-de-maria-esperanza-fernandez\/","title":{"rendered":"A mediados de febrero ser\u00e1 el juicio por el asesinato de Mar\u00eda Esperanza Fern\u00e1ndez"},"content":{"rendered":"<!-- VideographyWP Plugin Message: Automatic video embedding prevented by plugin options. -->\n\n<p>Los d\u00edas 16, 17 y 18 de febrero ser\u00e1 el juicio oral y p\u00fablico contra Ram\u00f3n Romero, el \u00fanico acusado de matar a martillazos a su mujer. La fiscal\u00eda buscar\u00e1 que se lo sancione con el m\u00e1ximo de la condena.<\/p>\n\n\n\n<p>En los pr\u00f3ximos d\u00edas quedar\u00e1 sentenciado uno de los casos policiales m\u00e1s traum\u00e1ticos ocurridos en la ciudad.<\/p>\n\n\n\n<p>Los d\u00edas 16, 17 y 18 de febrero se desarrollar\u00e1 en el Tribunal Criminal N\u00b0 1 de San Nicol\u00e1s el juicio oral y p\u00fablico contra Ram\u00f3n Romero, el hombre de 48 a\u00f1os que el 3 de mayo de 2020 asesin\u00f3 a martillazos a su mujer.<\/p>\n\n\n\n<p>El acusado est\u00e1 detenido desde el 8 de mayo de ese mismo a\u00f1o luego de que se entregara a la polic\u00eda luego de permanecer pr\u00f3fugo desde el momento en que mat\u00f3 a la mujer.<\/p>\n\n\n\n<p>Esta causa no es la \u00fanica que afronta Romero ya que a la vez est\u00e1 imputado en un caso de abuso sexual luego de que fuera denunciado por su hijastra.<\/p>\n\n\n\n<p>Fuente: San Pedro Informa<\/p>\n","protected":false},"excerpt":{"rendered":"<p>Los d\u00edas 16, 17 y 18 de febrero ser\u00e1 el juicio oral y p\u00fablico contra Ram\u00f3n Romero, el \u00fanico acusado de matar a martillazos a su mujer. La fiscal\u00eda buscar\u00e1 que se lo sancione con el m\u00e1ximo de la condena. En los pr\u00f3ximos d\u00edas quedar\u00e1 sentenciado uno de los casos policiales m\u00e1s traum\u00e1ticos ocurridos en [&hellip;]<\/p>\n","protected":false},"author":4,"featured_media":103973,"comment_status":"closed","ping_status":"closed","sticky":false,"template":"","format":"standard","meta":{"om_disable_all_campaigns":false,"_jetpack_memberships_contains_paid_content":false,"footnotes":""},"categories":[50,101,2],"tags":[],"class_list":["post-103972","post","type-post","status-publish","format-standard","has-post-thumbnail","hentry","category-destacadas","category-interes-general-locales","category-locales"],"aioseo_notices":[],"gutentor_comment":0,"jetpack_featured_media_url":"https:\/\/eldiariodesanpedro.com.ar\/sitio\/wp-content\/uploads\/2022\/02\/0000020688-resized-1920x1080-1.jpg","jetpack_shortlink":"https:\/\/wp.me\/p6RhLt-r2Y","jetpack_sharing_enabled":true,"_links":{"self":[{"href":"https:\/\/eldiariodesanpedro.com.ar\/sitio\/wp-json\/wp\/v2\/posts\/103972","targetHints":{"allow":["GET"]}}],"collection":[{"href":"https:\/\/eldiariodesanpedro.com.ar\/sitio\/wp-json\/wp\/v2\/posts"}],"about":[{"href":"https:\/\/eldiariodesanpedro.com.ar\/sitio\/wp-json\/wp\/v2\/types\/post"}],"author":[{"embeddable":true,"href":"https:\/\/eldiariodesanpedro.com.ar\/sitio\/wp-json\/wp\/v2\/users\/4"}],"replies":[{"embeddable":true,"href":"https:\/\/eldiariodesanpedro.com.ar\/sitio\/wp-json\/wp\/v2\/comments?post=103972"}],"version-history":[{"count":1,"href":"https:\/\/eldiariodesanpedro.com.ar\/sitio\/wp-json\/wp\/v2\/posts\/103972\/revisions"}],"predecessor-version":[{"id":103974,"href":"https:\/\/eldiariodesanpedro.com.ar\/sitio\/wp-json\/wp\/v2\/posts\/103972\/revisions\/103974"}],"wp:featuredmedia":[{"embeddable":true,"href":"https:\/\/eldiariodesanpedro.com.ar\/sitio\/wp-json\/wp\/v2\/media\/103973"}],"wp:attachment":[{"href":"https:\/\/eldiariodesanpedro.com.ar\/sitio\/wp-json\/wp\/v2\/media?parent=103972"}],"wp:term":[{"taxonomy":"category","embeddable":true,"href":"https:\/\/eldiariodesanpedro.com.ar\/sitio\/wp-json\/wp\/v2\/categories?post=103972"},{"taxonomy":"post_tag","embeddable":true,"href":"https:\/\/eldiariodesanpedro.com.ar\/sitio\/wp-json\/wp\/v2\/tags?post=103972"}],"curies":[{"name":"wp","href":"https:\/\/api.w.org\/{rel}","templated":true}]}}