{"id":103970,"date":"2022-02-10T13:10:58","date_gmt":"2022-02-10T16:10:58","guid":{"rendered":"https:\/\/eldiariodesanpedro.com.ar\/sitio\/?p=103970"},"modified":"2022-02-10T13:10:59","modified_gmt":"2022-02-10T16:10:59","slug":"grilla-y-horarios-para-el-rock-en-baradero-el-18-y-19-de-febrero","status":"publish","type":"post","link":"https:\/\/eldiariodesanpedro.com.ar\/sitio\/grilla-y-horarios-para-el-rock-en-baradero-el-18-y-19-de-febrero\/","title":{"rendered":"Grilla y horarios para el Rock en Baradero el 18 y 19 de Febrero"},"content":{"rendered":"<!-- VideographyWP Plugin Message: Automatic video embedding prevented by plugin options. -->\n\n<p><strong>Faltan menos de diez d\u00edas para el regreso de la ceremonia del verano: Viernes 18 y s\u00e1bado 19 de febrero en Baradero. Para calmar la ansiedad de los miles de seguidores que el festival supo conseguir, desde la productora comunican los horarios de las cuarenta bandas que se distribuir\u00e1n en tres escenarios en dos jornadas llenas de m\u00fasica, arte y emociones extremas.<\/strong><\/p>\n\n\n\n<p><strong>La distribuci\u00f3n de las bandas, tanto en los escenarios, como en las grillas horarias est\u00e1 pensada considerando el mejor destaque de las bandas y el mayor disfrute del p\u00fablico asistente. Guasones, Sara Hebe, Bandalos Chinos, Fabiana Cantilo son s\u00f3lo algunas de las bandas que har\u00e1n vibrar a Baradero en la primera jornada del esperado regreso. Eruca Sativa, Peces Raros, El Kuelgue, Nafta, Las Pelotas, El Mat\u00f3 protagonistas de uno de los s\u00e1bados m\u00e1s esperados del a\u00f1o. No hay escenarios principales, hay m\u00e1s de diez hora por d\u00eda de m\u00fasica en continuado. Al aire libre, a metros del r\u00edo, bajo los \u00e1rboles del barranco de la calle San Mart\u00edn un mundo de colores y experiencias para disfrutar del festival de rock m\u00e1s grande de la Provincia de Buenos Aires.<\/strong><\/p>\n\n\n\n<p><strong>Murales en vivo, exposici\u00f3n de arte 3D, una estaci\u00f3n de serigraf\u00eda donde los asistentes al festival podr\u00e1n estampar sus propias remeras. Una compan\u00eda de circo local llenar\u00e1 de color&nbsp; y movimiento el predio con sus zancos y malabaristas. Slackline: otra de las disciplinas que llegan por primera vez a Rock en Baradero. Un bar de glitter, stands de ventas, murales colaborativos. La Garganta Poderosa tambi\u00e9n tendr\u00e1 un espacio en el festival, con la intenci\u00f3n de seguir amplificando las voces que no siempre nos dejan escuchar. M\u00fasica, mucha m\u00fasica. Los Aut\u00e9nticos Decadentes, Clara Cava, Nonpalidece, Marina Fages, Kapanga, Acus, Los P\u00e9rez Garc\u00eda, Crewrod. La ONG todos hacemos m\u00fasica generando contenido musical junto a las bandas. Diversidad. De voces, estilos, colores. La propuesta de dise\u00f1o ambiental est\u00e1 a cargo de Oquio Estudio y se centra en generar espacios y propuestas donde el p\u00fablico se exprese y sea un co-creador de la experiencia. El cuidado del medioambiente, mediante pr\u00e1cticas como la elecci\u00f3n y reutilizaci\u00f3n de materiales y el scouting de artistas locales, ampl\u00edan la experiencia musical y el prop\u00f3sito del Festival.<\/strong><\/p>\n\n\n\n<p><strong>Un pintoresco paseo gastron\u00f3mico bajo los \u00e1rboles. La joven marca Not Co presente en el festival con sus alimentos a base de plantas, ampliando la oferta gastron\u00f3mica e intentando cumplir con las expectativas de calidad y variedad que el p\u00fablico espera. Tras dos a\u00f1os de pandemia Rock en Baradero nos renueva las ganas de volver a encontrarnos, de volver a viajar con amigos. Nueva Chevallier, empresa argentina que siempre acompa\u00f1a la cultura local, saca micros exclusivos y en promoci\u00f3n para llevar miles de personas hasta el coraz\u00f3n de la Provincia de Buenos Aires. Cerveza Quilmes, la marca que m\u00e1s sabe de encuentros, estar\u00e1 presente en el regreso del festival que est\u00e1bamos esperando.<\/strong><\/p>\n\n\n\n<p><strong>Entradas a la venta por LIVEPASS:<\/strong><\/p>\n\n\n\n<p><strong><a rel=\"noreferrer noopener\" href=\"https:\/\/linktr.ee\/ROCKENBARADERO\" target=\"_blank\">Link de Venta&nbsp;<\/a><\/strong><\/p>\n\n\n\n<figure class=\"wp-block-image size-full\"><img decoding=\"async\" width=\"630\" height=\"630\" data-attachment-id=\"103965\" data-permalink=\"https:\/\/eldiariodesanpedro.com.ar\/sitio\/feed-2-dias\/\" data-orig-file=\"https:\/\/eldiariodesanpedro.com.ar\/sitio\/wp-content\/uploads\/2022\/02\/FEED-2-dias.jpg\" data-orig-size=\"630,630\" data-comments-opened=\"0\" data-image-meta=\"{&quot;aperture&quot;:&quot;0&quot;,&quot;credit&quot;:&quot;&quot;,&quot;camera&quot;:&quot;&quot;,&quot;caption&quot;:&quot;&quot;,&quot;created_timestamp&quot;:&quot;0&quot;,&quot;copyright&quot;:&quot;&quot;,&quot;focal_length&quot;:&quot;0&quot;,&quot;iso&quot;:&quot;0&quot;,&quot;shutter_speed&quot;:&quot;0&quot;,&quot;title&quot;:&quot;&quot;,&quot;orientation&quot;:&quot;0&quot;}\" data-image-title=\"FEED-2-dias\" data-image-description=\"\" data-image-caption=\"\" data-large-file=\"https:\/\/eldiariodesanpedro.com.ar\/sitio\/wp-content\/uploads\/2022\/02\/FEED-2-dias.jpg\" data-src=\"https:\/\/eldiariodesanpedro.com.ar\/sitio\/wp-content\/uploads\/2022\/02\/FEED-2-dias.jpg\" alt=\"\" class=\"wp-image-103965 lazyload\" data-srcset=\"https:\/\/eldiariodesanpedro.com.ar\/sitio\/wp-content\/uploads\/2022\/02\/FEED-2-dias.jpg 630w, https:\/\/eldiariodesanpedro.com.ar\/sitio\/wp-content\/uploads\/2022\/02\/FEED-2-dias-300x300.jpg 300w, https:\/\/eldiariodesanpedro.com.ar\/sitio\/wp-content\/uploads\/2022\/02\/FEED-2-dias-150x150.jpg 150w\" data-sizes=\"(max-width: 630px) 100vw, 630px\" src=\"data:image\/svg+xml;base64,PHN2ZyB3aWR0aD0iMSIgaGVpZ2h0PSIxIiB4bWxucz0iaHR0cDovL3d3dy53My5vcmcvMjAwMC9zdmciPjwvc3ZnPg==\" style=\"--smush-placeholder-width: 630px; --smush-placeholder-aspect-ratio: 630\/630;\" \/><\/figure>\n","protected":false},"excerpt":{"rendered":"<p>Faltan menos de diez d\u00edas para el regreso de la ceremonia del verano: Viernes 18 y s\u00e1bado 19 de febrero en Baradero. Para calmar la ansiedad de los miles de seguidores que el festival supo conseguir, desde la productora comunican los horarios de las cuarenta bandas que se distribuir\u00e1n en tres escenarios en dos jornadas [&hellip;]<\/p>\n","protected":false},"author":4,"featured_media":103966,"comment_status":"closed","ping_status":"closed","sticky":false,"template":"","format":"standard","meta":{"om_disable_all_campaigns":false,"_jetpack_memberships_contains_paid_content":false,"footnotes":""},"categories":[50,101,2],"tags":[197,2678,696,33,19],"class_list":["post-103970","post","type-post","status-publish","format-standard","has-post-thumbnail","hentry","category-destacadas","category-interes-general-locales","category-locales","tag-buenos-aires","tag-grilla-y-horarios-para-el-rock-en-baradero-el-18-y-19-de-febrero","tag-interes-general","tag-locales","tag-san-pedro"],"aioseo_notices":[],"gutentor_comment":0,"jetpack_featured_media_url":"https:\/\/eldiariodesanpedro.com.ar\/sitio\/wp-content\/uploads\/2022\/02\/89048009_3489988524376930_9205728732109602816_n-1.jpg","jetpack_shortlink":"https:\/\/wp.me\/p6RhLt-r2W","jetpack_sharing_enabled":true,"_links":{"self":[{"href":"https:\/\/eldiariodesanpedro.com.ar\/sitio\/wp-json\/wp\/v2\/posts\/103970","targetHints":{"allow":["GET"]}}],"collection":[{"href":"https:\/\/eldiariodesanpedro.com.ar\/sitio\/wp-json\/wp\/v2\/posts"}],"about":[{"href":"https:\/\/eldiariodesanpedro.com.ar\/sitio\/wp-json\/wp\/v2\/types\/post"}],"author":[{"embeddable":true,"href":"https:\/\/eldiariodesanpedro.com.ar\/sitio\/wp-json\/wp\/v2\/users\/4"}],"replies":[{"embeddable":true,"href":"https:\/\/eldiariodesanpedro.com.ar\/sitio\/wp-json\/wp\/v2\/comments?post=103970"}],"version-history":[{"count":1,"href":"https:\/\/eldiariodesanpedro.com.ar\/sitio\/wp-json\/wp\/v2\/posts\/103970\/revisions"}],"predecessor-version":[{"id":103971,"href":"https:\/\/eldiariodesanpedro.com.ar\/sitio\/wp-json\/wp\/v2\/posts\/103970\/revisions\/103971"}],"wp:featuredmedia":[{"embeddable":true,"href":"https:\/\/eldiariodesanpedro.com.ar\/sitio\/wp-json\/wp\/v2\/media\/103966"}],"wp:attachment":[{"href":"https:\/\/eldiariodesanpedro.com.ar\/sitio\/wp-json\/wp\/v2\/media?parent=103970"}],"wp:term":[{"taxonomy":"category","embeddable":true,"href":"https:\/\/eldiariodesanpedro.com.ar\/sitio\/wp-json\/wp\/v2\/categories?post=103970"},{"taxonomy":"post_tag","embeddable":true,"href":"https:\/\/eldiariodesanpedro.com.ar\/sitio\/wp-json\/wp\/v2\/tags?post=103970"}],"curies":[{"name":"wp","href":"https:\/\/api.w.org\/{rel}","templated":true}]}}