{"id":103952,"date":"2022-02-10T10:41:18","date_gmt":"2022-02-10T13:41:18","guid":{"rendered":"https:\/\/eldiariodesanpedro.com.ar\/sitio\/?p=103952"},"modified":"2022-02-10T10:42:45","modified_gmt":"2022-02-10T13:42:45","slug":"se-secuestron-9-motos-en-operativo-de-transito-vehicular","status":"publish","type":"post","link":"https:\/\/eldiariodesanpedro.com.ar\/sitio\/se-secuestron-9-motos-en-operativo-de-transito-vehicular\/","title":{"rendered":"Se secuestraron 9 motos en operativo de transito vehicular"},"content":{"rendered":"<!-- VideographyWP Plugin Message: Automatic video embedding prevented by plugin options. -->\n\n<p>Este mi\u00e9rcoles siendo las 20 horas el personal policial de la comisar\u00eda local junto a Inspecci\u00f3n Tr\u00e1nsito Municipal realizaron operativos dispuestos superioridad en calle 25 de Mayo y G\u00fcemes de San Pedro donde se identificaron a 28 personas, como as\u00ed a 25 rodados.&nbsp;<\/p>\n\n\n\n<p>Resultancias del operativo, se secuestraron 9 motocicletas por carecer documentaci\u00f3n, a los cuales a sus conductores 2 femeninas de 24 y 32 a\u00f1os edad, siete masculinos de 26, 48, 46, 70, 55, 28 y 65 a\u00f1os respectivamente se les labr\u00f3 la correspondiente acta de Infracci\u00f3n por\u00a0 encontrarse infringiendo lo normado por Ley Nacional 24.449, con intervenci\u00f3n del Juzgado de Faltas San Pedro.<\/p>\n\n\n\n<iframe data-src=\"https:\/\/www.facebook.com\/plugins\/post.php?href=https%3A%2F%2Fwww.facebook.com%2Fdiariosp2%2Fposts%2F267474318817774&#038;show_text=true&#038;width=500\" width=\"500\" height=\"671\" style=\"border:none;overflow:hidden\" scrolling=\"no\" frameborder=\"0\" allowfullscreen=\"true\" allow=\"autoplay; clipboard-write; encrypted-media; picture-in-picture; web-share\" src=\"data:image\/svg+xml;base64,PHN2ZyB3aWR0aD0iMSIgaGVpZ2h0PSIxIiB4bWxucz0iaHR0cDovL3d3dy53My5vcmcvMjAwMC9zdmciPjwvc3ZnPg==\" class=\"lazyload\" data-load-mode=\"1\"><\/iframe>\n","protected":false},"excerpt":{"rendered":"<p>Este mi\u00e9rcoles siendo las 20 horas el personal policial de la comisar\u00eda local junto a Inspecci\u00f3n Tr\u00e1nsito Municipal realizaron operativos dispuestos superioridad en calle 25 de Mayo y G\u00fcemes de San Pedro donde se identificaron a 28 personas, como as\u00ed a 25 rodados.&nbsp; Resultancias del operativo, se secuestraron 9 motocicletas por carecer documentaci\u00f3n, a los [&hellip;]<\/p>\n","protected":false},"author":4,"featured_media":103953,"comment_status":"closed","ping_status":"closed","sticky":false,"template":"","format":"standard","meta":{"om_disable_all_campaigns":false,"_jetpack_memberships_contains_paid_content":false,"footnotes":""},"categories":[2,103],"tags":[197,33,95,19],"class_list":["post-103952","post","type-post","status-publish","format-standard","has-post-thumbnail","hentry","category-locales","category-policiales-locales","tag-buenos-aires","tag-locales","tag-policiales","tag-san-pedro"],"aioseo_notices":[],"gutentor_comment":0,"jetpack_featured_media_url":"https:\/\/eldiariodesanpedro.com.ar\/sitio\/wp-content\/uploads\/2022\/02\/WhatsApp-Image-2022-02-10-at-10.23.21.jpeg","jetpack_shortlink":"https:\/\/wp.me\/p6RhLt-r2E","jetpack_sharing_enabled":true,"_links":{"self":[{"href":"https:\/\/eldiariodesanpedro.com.ar\/sitio\/wp-json\/wp\/v2\/posts\/103952","targetHints":{"allow":["GET"]}}],"collection":[{"href":"https:\/\/eldiariodesanpedro.com.ar\/sitio\/wp-json\/wp\/v2\/posts"}],"about":[{"href":"https:\/\/eldiariodesanpedro.com.ar\/sitio\/wp-json\/wp\/v2\/types\/post"}],"author":[{"embeddable":true,"href":"https:\/\/eldiariodesanpedro.com.ar\/sitio\/wp-json\/wp\/v2\/users\/4"}],"replies":[{"embeddable":true,"href":"https:\/\/eldiariodesanpedro.com.ar\/sitio\/wp-json\/wp\/v2\/comments?post=103952"}],"version-history":[{"count":2,"href":"https:\/\/eldiariodesanpedro.com.ar\/sitio\/wp-json\/wp\/v2\/posts\/103952\/revisions"}],"predecessor-version":[{"id":103963,"href":"https:\/\/eldiariodesanpedro.com.ar\/sitio\/wp-json\/wp\/v2\/posts\/103952\/revisions\/103963"}],"wp:featuredmedia":[{"embeddable":true,"href":"https:\/\/eldiariodesanpedro.com.ar\/sitio\/wp-json\/wp\/v2\/media\/103953"}],"wp:attachment":[{"href":"https:\/\/eldiariodesanpedro.com.ar\/sitio\/wp-json\/wp\/v2\/media?parent=103952"}],"wp:term":[{"taxonomy":"category","embeddable":true,"href":"https:\/\/eldiariodesanpedro.com.ar\/sitio\/wp-json\/wp\/v2\/categories?post=103952"},{"taxonomy":"post_tag","embeddable":true,"href":"https:\/\/eldiariodesanpedro.com.ar\/sitio\/wp-json\/wp\/v2\/tags?post=103952"}],"curies":[{"name":"wp","href":"https:\/\/api.w.org\/{rel}","templated":true}]}}