{"id":103950,"date":"2022-02-10T10:08:35","date_gmt":"2022-02-10T13:08:35","guid":{"rendered":"https:\/\/eldiariodesanpedro.com.ar\/sitio\/?p=103950"},"modified":"2022-02-10T10:08:35","modified_gmt":"2022-02-10T13:08:35","slug":"fue-a-quejarse-con-sus-vecinos-y-una-joven-junto-a-su-madre-la-golpearon","status":"publish","type":"post","link":"https:\/\/eldiariodesanpedro.com.ar\/sitio\/fue-a-quejarse-con-sus-vecinos-y-una-joven-junto-a-su-madre-la-golpearon\/","title":{"rendered":"Fue a quejarse con sus vecinos y una joven junto a su madre la golpearon"},"content":{"rendered":"<!-- VideographyWP Plugin Message: Automatic video embedding prevented by plugin options. -->\n\n<p>En la jornada de ayer una mujer result\u00f3 golpeada por sus vecinos cuando ella trat\u00f3 de advertirle sobre una situaci\u00f3n ocurrida cuando ellos estaban de vacaciones.<\/p>\n\n\n\n<p>Una mujer de 56 a\u00f1os de edad, que el d\u00eda 04 del mes de febrero en el horario de las 21 horas, se dirigi\u00f3 a la casa de sus vecinos linderos a fines manifestar un inconveniente surgido mientras ellos estaban de vacaciones; a lo que una joven y su progenitora le dan golpes de pu\u00f1o y patada, sin ocasionar alg\u00fan tipo de lesi\u00f3n visible a la fecha.&nbsp;<\/p>\n\n\n\n<p>Interviene la fiscal\u00eda Nro. 11 local.-<\/p>\n","protected":false},"excerpt":{"rendered":"<p>En la jornada de ayer una mujer result\u00f3 golpeada por sus vecinos cuando ella trat\u00f3 de advertirle sobre una situaci\u00f3n ocurrida cuando ellos estaban de vacaciones. Una mujer de 56 a\u00f1os de edad, que el d\u00eda 04 del mes de febrero en el horario de las 21 horas, se dirigi\u00f3 a la casa de sus [&hellip;]<\/p>\n","protected":false},"author":4,"featured_media":16982,"comment_status":"closed","ping_status":"closed","sticky":false,"template":"","format":"standard","meta":{"om_disable_all_campaigns":false,"_jetpack_memberships_contains_paid_content":false,"footnotes":""},"categories":[2,103],"tags":[197,33,95,19],"class_list":["post-103950","post","type-post","status-publish","format-standard","has-post-thumbnail","hentry","category-locales","category-policiales-locales","tag-buenos-aires","tag-locales","tag-policiales","tag-san-pedro"],"aioseo_notices":[],"gutentor_comment":0,"jetpack_featured_media_url":"https:\/\/eldiariodesanpedro.com.ar\/sitio\/wp-content\/uploads\/2017\/04\/DSC_0215-e1492514874414.jpg","jetpack_shortlink":"https:\/\/wp.me\/p6RhLt-r2C","jetpack_sharing_enabled":true,"_links":{"self":[{"href":"https:\/\/eldiariodesanpedro.com.ar\/sitio\/wp-json\/wp\/v2\/posts\/103950","targetHints":{"allow":["GET"]}}],"collection":[{"href":"https:\/\/eldiariodesanpedro.com.ar\/sitio\/wp-json\/wp\/v2\/posts"}],"about":[{"href":"https:\/\/eldiariodesanpedro.com.ar\/sitio\/wp-json\/wp\/v2\/types\/post"}],"author":[{"embeddable":true,"href":"https:\/\/eldiariodesanpedro.com.ar\/sitio\/wp-json\/wp\/v2\/users\/4"}],"replies":[{"embeddable":true,"href":"https:\/\/eldiariodesanpedro.com.ar\/sitio\/wp-json\/wp\/v2\/comments?post=103950"}],"version-history":[{"count":1,"href":"https:\/\/eldiariodesanpedro.com.ar\/sitio\/wp-json\/wp\/v2\/posts\/103950\/revisions"}],"predecessor-version":[{"id":103951,"href":"https:\/\/eldiariodesanpedro.com.ar\/sitio\/wp-json\/wp\/v2\/posts\/103950\/revisions\/103951"}],"wp:featuredmedia":[{"embeddable":true,"href":"https:\/\/eldiariodesanpedro.com.ar\/sitio\/wp-json\/wp\/v2\/media\/16982"}],"wp:attachment":[{"href":"https:\/\/eldiariodesanpedro.com.ar\/sitio\/wp-json\/wp\/v2\/media?parent=103950"}],"wp:term":[{"taxonomy":"category","embeddable":true,"href":"https:\/\/eldiariodesanpedro.com.ar\/sitio\/wp-json\/wp\/v2\/categories?post=103950"},{"taxonomy":"post_tag","embeddable":true,"href":"https:\/\/eldiariodesanpedro.com.ar\/sitio\/wp-json\/wp\/v2\/tags?post=103950"}],"curies":[{"name":"wp","href":"https:\/\/api.w.org\/{rel}","templated":true}]}}