{"id":103946,"date":"2022-02-10T09:39:27","date_gmt":"2022-02-10T12:39:27","guid":{"rendered":"https:\/\/eldiariodesanpedro.com.ar\/sitio\/?p=103946"},"modified":"2022-02-10T09:39:28","modified_gmt":"2022-02-10T12:39:28","slug":"dejo-su-casa-deshabitada-unos-meses-y-ya-se-la-usurparon","status":"publish","type":"post","link":"https:\/\/eldiariodesanpedro.com.ar\/sitio\/dejo-su-casa-deshabitada-unos-meses-y-ya-se-la-usurparon\/","title":{"rendered":"Dej\u00f3 su casa deshabitada unos meses y ya se la usurparon"},"content":{"rendered":"<!-- VideographyWP Plugin Message: Automatic video embedding prevented by plugin options. -->\n\n<p>En la jornada de ayer una mujer mayor de edad realiz\u00f3 una denuncia luego que autores ignorados le usurparon una vivienda que se encuentra deshabitada.<\/p>\n\n\n\n<p>Este mi\u00e9rcoles alrededor de las 11 horas una mujer de 61 a\u00f1os se acerc\u00f3 a la comisar\u00eda local para realizar la denuncia que en una vivienda ubicada en calle saavedra al 2000 donde no reside desde hace 7 meses atr\u00e1s y se encontraba deshabitada, constata que el mismo aproximadamente las 08:30 horas, autores ignorados habr\u00edan limpiado su interior y colocado una cadena con candado en la puerta principal, impidiendo su ingreso.&nbsp;<\/p>\n\n\n\n<p>Interviene la fiscal\u00eda Nro. 11 local.<\/p>\n","protected":false},"excerpt":{"rendered":"<p>En la jornada de ayer una mujer mayor de edad realiz\u00f3 una denuncia luego que autores ignorados le usurparon una vivienda que se encuentra deshabitada. Este mi\u00e9rcoles alrededor de las 11 horas una mujer de 61 a\u00f1os se acerc\u00f3 a la comisar\u00eda local para realizar la denuncia que en una vivienda ubicada en calle saavedra [&hellip;]<\/p>\n","protected":false},"author":4,"featured_media":103679,"comment_status":"closed","ping_status":"closed","sticky":false,"template":"","format":"standard","meta":{"om_disable_all_campaigns":false,"_jetpack_memberships_contains_paid_content":false,"footnotes":""},"categories":[2,103],"tags":[197,2677,33,95,19],"class_list":["post-103946","post","type-post","status-publish","format-standard","has-post-thumbnail","hentry","category-locales","category-policiales-locales","tag-buenos-aires","tag-dejo-su-casa-deshabitada-unos-meses-y-ya-se-la-usurparon","tag-locales","tag-policiales","tag-san-pedro"],"aioseo_notices":[],"gutentor_comment":0,"jetpack_featured_media_url":"https:\/\/eldiariodesanpedro.com.ar\/sitio\/wp-content\/uploads\/2022\/02\/comisaria_san_pedro.jpg","jetpack_shortlink":"https:\/\/wp.me\/p6RhLt-r2y","jetpack_sharing_enabled":true,"_links":{"self":[{"href":"https:\/\/eldiariodesanpedro.com.ar\/sitio\/wp-json\/wp\/v2\/posts\/103946","targetHints":{"allow":["GET"]}}],"collection":[{"href":"https:\/\/eldiariodesanpedro.com.ar\/sitio\/wp-json\/wp\/v2\/posts"}],"about":[{"href":"https:\/\/eldiariodesanpedro.com.ar\/sitio\/wp-json\/wp\/v2\/types\/post"}],"author":[{"embeddable":true,"href":"https:\/\/eldiariodesanpedro.com.ar\/sitio\/wp-json\/wp\/v2\/users\/4"}],"replies":[{"embeddable":true,"href":"https:\/\/eldiariodesanpedro.com.ar\/sitio\/wp-json\/wp\/v2\/comments?post=103946"}],"version-history":[{"count":1,"href":"https:\/\/eldiariodesanpedro.com.ar\/sitio\/wp-json\/wp\/v2\/posts\/103946\/revisions"}],"predecessor-version":[{"id":103947,"href":"https:\/\/eldiariodesanpedro.com.ar\/sitio\/wp-json\/wp\/v2\/posts\/103946\/revisions\/103947"}],"wp:featuredmedia":[{"embeddable":true,"href":"https:\/\/eldiariodesanpedro.com.ar\/sitio\/wp-json\/wp\/v2\/media\/103679"}],"wp:attachment":[{"href":"https:\/\/eldiariodesanpedro.com.ar\/sitio\/wp-json\/wp\/v2\/media?parent=103946"}],"wp:term":[{"taxonomy":"category","embeddable":true,"href":"https:\/\/eldiariodesanpedro.com.ar\/sitio\/wp-json\/wp\/v2\/categories?post=103946"},{"taxonomy":"post_tag","embeddable":true,"href":"https:\/\/eldiariodesanpedro.com.ar\/sitio\/wp-json\/wp\/v2\/tags?post=103946"}],"curies":[{"name":"wp","href":"https:\/\/api.w.org\/{rel}","templated":true}]}}