{"id":103944,"date":"2022-02-10T09:14:48","date_gmt":"2022-02-10T12:14:48","guid":{"rendered":"https:\/\/eldiariodesanpedro.com.ar\/sitio\/?p=103944"},"modified":"2022-02-10T09:14:49","modified_gmt":"2022-02-10T12:14:49","slug":"anses-quienes-cobran-hoy-10-de-febrero-jubilaciones-auh-aue","status":"publish","type":"post","link":"https:\/\/eldiariodesanpedro.com.ar\/sitio\/anses-quienes-cobran-hoy-10-de-febrero-jubilaciones-auh-aue\/","title":{"rendered":"ANSES: qui\u00e9nes cobran hoy, 10 de febrero, Jubilaciones, AUH, AUE"},"content":{"rendered":"<!-- VideographyWP Plugin Message: Automatic video embedding prevented by plugin options. -->\n\n<p><strong>ANSES informa que ma\u00f1ana se abonan jubilaciones, pensiones, Asignaci\u00f3n Universal por Hijo, Asignaciones Familiares, Asignaci\u00f3n por Embarazo y los programas Alimentar para AUH, Hogar, Progresar para j\u00f3venes de 18 a 24 a\u00f1os y Mi Pieza.<\/strong><\/p>\n\n\n\n<p><strong>Jubilaciones&nbsp;y&nbsp;pensiones&nbsp;<\/strong><\/p>\n\n\n\n<p>Las sucursales bancarias habilitadas atender\u00e1n por ventanilla a jubilados, jubiladas, pensionados y pensionadas con documentos terminados en&nbsp;<strong>3&nbsp;<\/strong>cuyoshaberesNO SUPERENla suma de 32.664 pesos.<\/p>\n\n\n\n<p><strong>Asignaci\u00f3n Universal por Hijo y Asignaci\u00f3n Familiar por Hijo<\/strong><\/p>\n\n\n\n<p>Con la utilizaci\u00f3n de la tarjeta de d\u00e9bito, ma\u00f1ana perciben la Asignaci\u00f3n Universal por Hijo y la Asignaci\u00f3n Familiar por Hijo titulares con documentos concluidos en&nbsp;<strong>3<\/strong>.<\/p>\n\n\n\n<p><strong>Asignaci\u00f3n por Embarazo<\/strong><\/p>\n\n\n\n<p>Con la utilizaci\u00f3n de la tarjeta de d\u00e9bito, ma\u00f1ana cobran la Asignaci\u00f3n por Embarazo las titulares con documentos finalizados en&nbsp;<strong>0<\/strong>.<\/p>\n\n\n\n<p><strong>Asignaciones por&nbsp;Prenatal&nbsp;y por Maternidad<\/strong><\/p>\n\n\n\n<p>Las titulares de la Asignaci\u00f3n por&nbsp;Prenatal&nbsp;y Asignaci\u00f3n por Maternidad con documentos terminados en&nbsp;<strong>0&nbsp;<\/strong>y<strong>1<\/strong>&nbsp;perciben ma\u00f1ana su prestaci\u00f3n.<\/p>\n\n\n\n<p><strong>Programa Alimentar<\/strong><\/p>\n\n\n\n<p>En el marco del&nbsp;<em>Plan Argentina contra el Hambre<\/em>&nbsp;del Ministerio de Desarrollo Social, ANSES acompa\u00f1a con el pago del programa Alimentar.&nbsp;Ma\u00f1ana&nbsp;cobran titulares de AUH con documentos concluidos en&nbsp;<strong>3<\/strong>&nbsp;en la misma cuenta de la prestaci\u00f3n.<\/p>\n\n\n\n<p><strong>Programa Hogar<\/strong><\/p>\n\n\n\n<p>ANSES y la Secretar\u00eda de Energ\u00eda impulsan en conjunto el Programa Hogar, mediante el cual se otorga un subsidio para la compra&nbsp;de garrafas en viviendas que no est\u00e1n conectadas a la red de gas natural.&nbsp;Ma\u00f1ana&nbsp;cobran este beneficio las personas con documentos finalizados en&nbsp;<strong>3<\/strong>.<\/p>\n\n\n\n<p><strong>Progresar<\/strong><\/p>\n\n\n\n<p>Con Progresar, ANSES y el Ministerio de Educaci\u00f3n garantizan el derecho de terminar los estudios a j\u00f3venes del pa\u00eds. Ma\u00f1ana&nbsp;cobran titulares de 18 a 24 a\u00f1os con documentos terminados en&nbsp;<strong>0&nbsp;<\/strong>y&nbsp;<strong>1<\/strong>.<\/p>\n\n\n\n<p><strong>Programa Mi Pieza<\/strong><\/p>\n\n\n\n<p>Ma\u00f1ana ANSES paga el 50 por ciento del dinero a las beneficiarias que salieron sorteadas en&nbsp;<em>Mi Pieza<\/em>, programa del Ministerio de Desarrollo Social de la Naci\u00f3n, que brinda asistencia econ\u00f3mica para refacciones, mejoras o ampliaciones a mujeres mayores de 18 a\u00f1os cuyas viviendas pertenezcan al Registro Nacional de Barrios Populares (RENABAP). El 50 por ciento restante ser\u00e1 abonado luego de validar el avance de la obra.<\/p>\n","protected":false},"excerpt":{"rendered":"<p>ANSES informa que ma\u00f1ana se abonan jubilaciones, pensiones, Asignaci\u00f3n Universal por Hijo, Asignaciones Familiares, Asignaci\u00f3n por Embarazo y los programas Alimentar para AUH, Hogar, Progresar para j\u00f3venes de 18 a 24 a\u00f1os y Mi Pieza. Jubilaciones&nbsp;y&nbsp;pensiones&nbsp; Las sucursales bancarias habilitadas atender\u00e1n por ventanilla a jubilados, jubiladas, pensionados y pensionadas con documentos terminados en&nbsp;3&nbsp;cuyoshaberesNO SUPERENla suma [&hellip;]<\/p>\n","protected":false},"author":4,"featured_media":74790,"comment_status":"closed","ping_status":"closed","sticky":false,"template":"","format":"standard","meta":{"om_disable_all_campaigns":false,"_jetpack_memberships_contains_paid_content":false,"footnotes":""},"categories":[101,2],"tags":[197,696,33,19],"class_list":["post-103944","post","type-post","status-publish","format-standard","has-post-thumbnail","hentry","category-interes-general-locales","category-locales","tag-buenos-aires","tag-interes-general","tag-locales","tag-san-pedro"],"aioseo_notices":[],"gutentor_comment":0,"jetpack_featured_media_url":"https:\/\/eldiariodesanpedro.com.ar\/sitio\/wp-content\/uploads\/2020\/06\/anses-4.jpg","jetpack_shortlink":"https:\/\/wp.me\/p6RhLt-r2w","jetpack_sharing_enabled":true,"_links":{"self":[{"href":"https:\/\/eldiariodesanpedro.com.ar\/sitio\/wp-json\/wp\/v2\/posts\/103944","targetHints":{"allow":["GET"]}}],"collection":[{"href":"https:\/\/eldiariodesanpedro.com.ar\/sitio\/wp-json\/wp\/v2\/posts"}],"about":[{"href":"https:\/\/eldiariodesanpedro.com.ar\/sitio\/wp-json\/wp\/v2\/types\/post"}],"author":[{"embeddable":true,"href":"https:\/\/eldiariodesanpedro.com.ar\/sitio\/wp-json\/wp\/v2\/users\/4"}],"replies":[{"embeddable":true,"href":"https:\/\/eldiariodesanpedro.com.ar\/sitio\/wp-json\/wp\/v2\/comments?post=103944"}],"version-history":[{"count":1,"href":"https:\/\/eldiariodesanpedro.com.ar\/sitio\/wp-json\/wp\/v2\/posts\/103944\/revisions"}],"predecessor-version":[{"id":103945,"href":"https:\/\/eldiariodesanpedro.com.ar\/sitio\/wp-json\/wp\/v2\/posts\/103944\/revisions\/103945"}],"wp:featuredmedia":[{"embeddable":true,"href":"https:\/\/eldiariodesanpedro.com.ar\/sitio\/wp-json\/wp\/v2\/media\/74790"}],"wp:attachment":[{"href":"https:\/\/eldiariodesanpedro.com.ar\/sitio\/wp-json\/wp\/v2\/media?parent=103944"}],"wp:term":[{"taxonomy":"category","embeddable":true,"href":"https:\/\/eldiariodesanpedro.com.ar\/sitio\/wp-json\/wp\/v2\/categories?post=103944"},{"taxonomy":"post_tag","embeddable":true,"href":"https:\/\/eldiariodesanpedro.com.ar\/sitio\/wp-json\/wp\/v2\/tags?post=103944"}],"curies":[{"name":"wp","href":"https:\/\/api.w.org\/{rel}","templated":true}]}}