{"id":103899,"date":"2022-02-09T10:08:39","date_gmt":"2022-02-09T13:08:39","guid":{"rendered":"https:\/\/eldiariodesanpedro.com.ar\/sitio\/?p=103899"},"modified":"2022-02-09T10:08:40","modified_gmt":"2022-02-09T13:08:40","slug":"nuevo-mobiliario-para-instituciones-educativas-de-san-pedro","status":"publish","type":"post","link":"https:\/\/eldiariodesanpedro.com.ar\/sitio\/nuevo-mobiliario-para-instituciones-educativas-de-san-pedro\/","title":{"rendered":"Nuevo mobiliario para instituciones educativas de San Pedro"},"content":{"rendered":"<!-- VideographyWP Plugin Message: Automatic video embedding prevented by plugin options. -->\n\n<p>Lleg\u00f3 ayer a San Pedro mobiliario para ser repartido entre diferentes instituciones del Distrito, por una inversi\u00f3n de $ 2.305.000.<br>En esta ocasi\u00f3n, en total, se compraron :<br>-160 mesas unipersonales.<br>-160 sillas escolares grandes.<br>-13 escritorios docentes.<br>-26 pizarras blancas de 2,40 m x 1,20m.<br>-8 armarios de 2m x 0,40m x 0,90 m, con puerta.<br>-5 mesas para comedor de 2m x 0,60m x 0,75m.<br>-10 bancos para comedor.<br>-10 sillones.<br>Un agradecimiento a la Escuela Secundaria T\u00e9cnica nro 1 por facilitarnos el espacio para bajar el mobiliario.<\/p>\n\n\n\n<iframe data-src=\"https:\/\/www.facebook.com\/plugins\/post.php?href=https%3A%2F%2Fwww.facebook.com%2Fdiariosp2%2Fposts%2F266878202210719&#038;show_text=true&#038;width=500\" width=\"500\" height=\"671\" style=\"border:none;overflow:hidden\" scrolling=\"no\" frameborder=\"0\" allowfullscreen=\"true\" allow=\"autoplay; clipboard-write; encrypted-media; picture-in-picture; web-share\" src=\"data:image\/svg+xml;base64,PHN2ZyB3aWR0aD0iMSIgaGVpZ2h0PSIxIiB4bWxucz0iaHR0cDovL3d3dy53My5vcmcvMjAwMC9zdmciPjwvc3ZnPg==\" class=\"lazyload\" data-load-mode=\"1\"><\/iframe>\n","protected":false},"excerpt":{"rendered":"<p>Lleg\u00f3 ayer a San Pedro mobiliario para ser repartido entre diferentes instituciones del Distrito, por una inversi\u00f3n de $ 2.305.000.En esta ocasi\u00f3n, en total, se compraron :-160 mesas unipersonales.-160 sillas escolares grandes.-13 escritorios docentes.-26 pizarras blancas de 2,40 m x 1,20m.-8 armarios de 2m x 0,40m x 0,90 m, con puerta.-5 mesas para comedor de [&hellip;]<\/p>\n","protected":false},"author":4,"featured_media":103906,"comment_status":"closed","ping_status":"closed","sticky":false,"template":"","format":"standard","meta":{"om_disable_all_campaigns":false,"_jetpack_memberships_contains_paid_content":false,"footnotes":""},"categories":[50,101,2],"tags":[197,696,33,19],"class_list":["post-103899","post","type-post","status-publish","format-standard","has-post-thumbnail","hentry","category-destacadas","category-interes-general-locales","category-locales","tag-buenos-aires","tag-interes-general","tag-locales","tag-san-pedro"],"aioseo_notices":[],"gutentor_comment":0,"jetpack_featured_media_url":"https:\/\/eldiariodesanpedro.com.ar\/sitio\/wp-content\/uploads\/2022\/02\/consejo-escolar-7.jpg","jetpack_shortlink":"https:\/\/wp.me\/p6RhLt-r1N","jetpack_sharing_enabled":true,"_links":{"self":[{"href":"https:\/\/eldiariodesanpedro.com.ar\/sitio\/wp-json\/wp\/v2\/posts\/103899","targetHints":{"allow":["GET"]}}],"collection":[{"href":"https:\/\/eldiariodesanpedro.com.ar\/sitio\/wp-json\/wp\/v2\/posts"}],"about":[{"href":"https:\/\/eldiariodesanpedro.com.ar\/sitio\/wp-json\/wp\/v2\/types\/post"}],"author":[{"embeddable":true,"href":"https:\/\/eldiariodesanpedro.com.ar\/sitio\/wp-json\/wp\/v2\/users\/4"}],"replies":[{"embeddable":true,"href":"https:\/\/eldiariodesanpedro.com.ar\/sitio\/wp-json\/wp\/v2\/comments?post=103899"}],"version-history":[{"count":1,"href":"https:\/\/eldiariodesanpedro.com.ar\/sitio\/wp-json\/wp\/v2\/posts\/103899\/revisions"}],"predecessor-version":[{"id":103908,"href":"https:\/\/eldiariodesanpedro.com.ar\/sitio\/wp-json\/wp\/v2\/posts\/103899\/revisions\/103908"}],"wp:featuredmedia":[{"embeddable":true,"href":"https:\/\/eldiariodesanpedro.com.ar\/sitio\/wp-json\/wp\/v2\/media\/103906"}],"wp:attachment":[{"href":"https:\/\/eldiariodesanpedro.com.ar\/sitio\/wp-json\/wp\/v2\/media?parent=103899"}],"wp:term":[{"taxonomy":"category","embeddable":true,"href":"https:\/\/eldiariodesanpedro.com.ar\/sitio\/wp-json\/wp\/v2\/categories?post=103899"},{"taxonomy":"post_tag","embeddable":true,"href":"https:\/\/eldiariodesanpedro.com.ar\/sitio\/wp-json\/wp\/v2\/tags?post=103899"}],"curies":[{"name":"wp","href":"https:\/\/api.w.org\/{rel}","templated":true}]}}