{"id":103877,"date":"2022-02-08T19:24:03","date_gmt":"2022-02-08T22:24:03","guid":{"rendered":"https:\/\/eldiariodesanpedro.com.ar\/sitio\/?p=103877"},"modified":"2022-02-08T19:24:04","modified_gmt":"2022-02-08T22:24:04","slug":"creditos-anses-confirmaron-la-continuidad-de-los-prestamos-hasta-200-000","status":"publish","type":"post","link":"https:\/\/eldiariodesanpedro.com.ar\/sitio\/creditos-anses-confirmaron-la-continuidad-de-los-prestamos-hasta-200-000\/","title":{"rendered":"Cr\u00e9ditos Anses: confirmaron la continuidad de los pr\u00e9stamos hasta $200.000"},"content":{"rendered":"<!-- VideographyWP Plugin Message: Automatic video embedding prevented by plugin options. -->\n\n<p>Fernanda Raverta, directora ejecutiva de\u00a0ANSES, confirm\u00f3 el jueves pasado que los\u00a0Cr\u00e9ditos Anses\u00a0se mantendr\u00e1n tambi\u00e9n este a\u00f1o. Se destinan a\u00a0jubilados\u00a0y permiten acceder a la financiaci\u00f3n de hasta $ 200.000, con una tasa de inter\u00e9s fija del 29%.<\/p>\n\n\n\n<p>\u00abSe puede pedir un turno por la p\u00e1gina y acercarse a un oficina donde van a poder acceder a un tr\u00e1mite. Sabemos que los cr\u00e9ditos son de hasta $ 200.000 y que tienen buena recepci\u00f3n en los jubilados de la Argentina porque tienen bajo inter\u00e9s: 29 puntos\u00bb, explic\u00f3 Raverta en la TV P\u00fablica.<\/p>\n\n\n\n<p>De esta forma, Anses mantiene disponible durante febrero la posibilidad de acceder a cr\u00e9ditos de hasta $ 200.000 a trav\u00e9s de\u00a0Mi ANSES. Hay tres l\u00edneas de cr\u00e9dito disponibles para tramitar de manera online.<\/p>\n","protected":false},"excerpt":{"rendered":"<p>Fernanda Raverta, directora ejecutiva de\u00a0ANSES, confirm\u00f3 el jueves pasado que los\u00a0Cr\u00e9ditos Anses\u00a0se mantendr\u00e1n tambi\u00e9n este a\u00f1o. Se destinan a\u00a0jubilados\u00a0y permiten acceder a la financiaci\u00f3n de hasta $ 200.000, con una tasa de inter\u00e9s fija del 29%. \u00abSe puede pedir un turno por la p\u00e1gina y acercarse a un oficina donde van a poder acceder a [&hellip;]<\/p>\n","protected":false},"author":4,"featured_media":83770,"comment_status":"closed","ping_status":"closed","sticky":false,"template":"","format":"standard","meta":{"om_disable_all_campaigns":false,"_jetpack_memberships_contains_paid_content":false,"footnotes":""},"categories":[621],"tags":[197,696,681,19],"class_list":["post-103877","post","type-post","status-publish","format-standard","has-post-thumbnail","hentry","category-regionales","tag-buenos-aires","tag-interes-general","tag-regionales","tag-san-pedro"],"aioseo_notices":[],"gutentor_comment":0,"jetpack_featured_media_url":"https:\/\/eldiariodesanpedro.com.ar\/sitio\/wp-content\/uploads\/2020\/11\/Anses_1550017638.jpg","jetpack_shortlink":"https:\/\/wp.me\/p6RhLt-r1r","jetpack_sharing_enabled":true,"_links":{"self":[{"href":"https:\/\/eldiariodesanpedro.com.ar\/sitio\/wp-json\/wp\/v2\/posts\/103877","targetHints":{"allow":["GET"]}}],"collection":[{"href":"https:\/\/eldiariodesanpedro.com.ar\/sitio\/wp-json\/wp\/v2\/posts"}],"about":[{"href":"https:\/\/eldiariodesanpedro.com.ar\/sitio\/wp-json\/wp\/v2\/types\/post"}],"author":[{"embeddable":true,"href":"https:\/\/eldiariodesanpedro.com.ar\/sitio\/wp-json\/wp\/v2\/users\/4"}],"replies":[{"embeddable":true,"href":"https:\/\/eldiariodesanpedro.com.ar\/sitio\/wp-json\/wp\/v2\/comments?post=103877"}],"version-history":[{"count":1,"href":"https:\/\/eldiariodesanpedro.com.ar\/sitio\/wp-json\/wp\/v2\/posts\/103877\/revisions"}],"predecessor-version":[{"id":103878,"href":"https:\/\/eldiariodesanpedro.com.ar\/sitio\/wp-json\/wp\/v2\/posts\/103877\/revisions\/103878"}],"wp:featuredmedia":[{"embeddable":true,"href":"https:\/\/eldiariodesanpedro.com.ar\/sitio\/wp-json\/wp\/v2\/media\/83770"}],"wp:attachment":[{"href":"https:\/\/eldiariodesanpedro.com.ar\/sitio\/wp-json\/wp\/v2\/media?parent=103877"}],"wp:term":[{"taxonomy":"category","embeddable":true,"href":"https:\/\/eldiariodesanpedro.com.ar\/sitio\/wp-json\/wp\/v2\/categories?post=103877"},{"taxonomy":"post_tag","embeddable":true,"href":"https:\/\/eldiariodesanpedro.com.ar\/sitio\/wp-json\/wp\/v2\/tags?post=103877"}],"curies":[{"name":"wp","href":"https:\/\/api.w.org\/{rel}","templated":true}]}}