{"id":103874,"date":"2022-02-08T19:20:29","date_gmt":"2022-02-08T22:20:29","guid":{"rendered":"https:\/\/eldiariodesanpedro.com.ar\/sitio\/?p=103874"},"modified":"2022-02-08T19:20:29","modified_gmt":"2022-02-08T22:20:29","slug":"la-municipalidad-y-gravida-reunidos-para-trabajar-en-la-implementacion-local-de-la-ley-1000-dias","status":"publish","type":"post","link":"https:\/\/eldiariodesanpedro.com.ar\/sitio\/la-municipalidad-y-gravida-reunidos-para-trabajar-en-la-implementacion-local-de-la-ley-1000-dias\/","title":{"rendered":"La Municipalidad y GRAVIDA reunidos para trabajar en la implementaci\u00f3n local de la Ley 1000 d\u00edas"},"content":{"rendered":"<!-- VideographyWP Plugin Message: Automatic video embedding prevented by plugin options. -->\n\n<p>El Secretario de Coordinaci\u00f3n Hern\u00e1n Contreras, el Secretario de Salud Dr. Pablo Piquioni y el Director de Atenci\u00f3n Primaria de la Salud Dr. Gabriel Sayago visitaron las instalaciones de GRAVIDA para mantener una reuni\u00f3n con representantes de la asociaci\u00f3n y comenzar a recorrer el camino hacia la implementaci\u00f3n en San Pedro de la Ley 27.611 de \u201cAtenci\u00f3n y Cuidado Integral de la Salud durante el Embarazo y la Primera Infancia\u201d, conocida como Ley 1000 d\u00edas.<\/p>\n\n\n\n<p>El Padre Bernardo Ruiz Moreno, la presidente Diana F. de Castillo, Mar\u00eda Eugenia Corti y Mar\u00eda Victoria Castillo, fueron los anfitriones en la sede de Bv. Moreno 1050, desde donde GRAVIDA lleva adelante su tarea local y coordina centros en diferentes puntos del pa\u00eds, desde hace d\u00e9cadas, con un servicio muy valioso que ha sido fundamental en el sostenimiento de madres y ni\u00f1os que recibieron su ayuda.<\/p>\n\n\n\n<p>La Ley 1000 d\u00edas est\u00e1 orientada a proteger, fortalecer y acompa\u00f1ar el cuidado integral de la vida y la salud de las personas gestantes y las ni\u00f1as y los ni\u00f1os en sus primeros 3 a\u00f1os. La existencia de GRAVIDA en San Pedro fortalece la capacidad de llevar adelante de manera conjuntas las pr\u00e1cticas de prevenci\u00f3n y protecci\u00f3n para aportar las condiciones apropiadas en los \u201centornos de crianza\u201d.<\/p>\n\n\n\n<p>Los representantes del gobierno municipal y de GRAVIDA plantearon en esta primera reuni\u00f3n las acciones que se podr\u00e1n compartir a partir de esta articulaci\u00f3n que llegar\u00eda para respaldar y sumar una mayor presencia en esta funci\u00f3n, que hoy la asociaci\u00f3n cumple a trav\u00e9s de voluntariados y colaboraciones particulares.<\/p>\n\n\n\n<p>La denominaci\u00f3n de 1000 d\u00edas que recibi\u00f3 la ley considera el tiempo, contado en d\u00edas aproximados, en el que transcurre el embarazo, el nacimiento y hasta los 3 a\u00f1os de vida.<\/p>\n","protected":false},"excerpt":{"rendered":"<p>El Secretario de Coordinaci\u00f3n Hern\u00e1n Contreras, el Secretario de Salud Dr. Pablo Piquioni y el Director de Atenci\u00f3n Primaria de la Salud Dr. Gabriel Sayago visitaron las instalaciones de GRAVIDA para mantener una reuni\u00f3n con representantes de la asociaci\u00f3n y comenzar a recorrer el camino hacia la implementaci\u00f3n en San Pedro de la Ley 27.611 [&hellip;]<\/p>\n","protected":false},"author":4,"featured_media":103875,"comment_status":"closed","ping_status":"closed","sticky":false,"template":"","format":"standard","meta":{"om_disable_all_campaigns":false,"_jetpack_memberships_contains_paid_content":false,"footnotes":""},"categories":[50,101,2],"tags":[197,696,33,19],"class_list":["post-103874","post","type-post","status-publish","format-standard","has-post-thumbnail","hentry","category-destacadas","category-interes-general-locales","category-locales","tag-buenos-aires","tag-interes-general","tag-locales","tag-san-pedro"],"aioseo_notices":[],"gutentor_comment":0,"jetpack_featured_media_url":"https:\/\/eldiariodesanpedro.com.ar\/sitio\/wp-content\/uploads\/2022\/02\/gravida.jpeg","jetpack_shortlink":"https:\/\/wp.me\/p6RhLt-r1o","jetpack_sharing_enabled":true,"_links":{"self":[{"href":"https:\/\/eldiariodesanpedro.com.ar\/sitio\/wp-json\/wp\/v2\/posts\/103874","targetHints":{"allow":["GET"]}}],"collection":[{"href":"https:\/\/eldiariodesanpedro.com.ar\/sitio\/wp-json\/wp\/v2\/posts"}],"about":[{"href":"https:\/\/eldiariodesanpedro.com.ar\/sitio\/wp-json\/wp\/v2\/types\/post"}],"author":[{"embeddable":true,"href":"https:\/\/eldiariodesanpedro.com.ar\/sitio\/wp-json\/wp\/v2\/users\/4"}],"replies":[{"embeddable":true,"href":"https:\/\/eldiariodesanpedro.com.ar\/sitio\/wp-json\/wp\/v2\/comments?post=103874"}],"version-history":[{"count":1,"href":"https:\/\/eldiariodesanpedro.com.ar\/sitio\/wp-json\/wp\/v2\/posts\/103874\/revisions"}],"predecessor-version":[{"id":103876,"href":"https:\/\/eldiariodesanpedro.com.ar\/sitio\/wp-json\/wp\/v2\/posts\/103874\/revisions\/103876"}],"wp:featuredmedia":[{"embeddable":true,"href":"https:\/\/eldiariodesanpedro.com.ar\/sitio\/wp-json\/wp\/v2\/media\/103875"}],"wp:attachment":[{"href":"https:\/\/eldiariodesanpedro.com.ar\/sitio\/wp-json\/wp\/v2\/media?parent=103874"}],"wp:term":[{"taxonomy":"category","embeddable":true,"href":"https:\/\/eldiariodesanpedro.com.ar\/sitio\/wp-json\/wp\/v2\/categories?post=103874"},{"taxonomy":"post_tag","embeddable":true,"href":"https:\/\/eldiariodesanpedro.com.ar\/sitio\/wp-json\/wp\/v2\/tags?post=103874"}],"curies":[{"name":"wp","href":"https:\/\/api.w.org\/{rel}","templated":true}]}}