{"id":103868,"date":"2022-02-08T14:40:14","date_gmt":"2022-02-08T17:40:14","guid":{"rendered":"https:\/\/eldiariodesanpedro.com.ar\/sitio\/?p=103868"},"modified":"2022-02-08T14:40:15","modified_gmt":"2022-02-08T17:40:15","slug":"vandalismo-sobre-el-frente-del-palacio-municipal","status":"publish","type":"post","link":"https:\/\/eldiariodesanpedro.com.ar\/sitio\/vandalismo-sobre-el-frente-del-palacio-municipal\/","title":{"rendered":"Vandalismo sobre el frente del palacio municipal"},"content":{"rendered":"<!-- VideographyWP Plugin Message: Automatic video embedding prevented by plugin options. -->\n\n<p>Un grupo de j\u00f3venes que aun no fue identificado provoc\u00f3 da\u00f1os sobre el frente del edificio de la Municipalidad de San Pedro. Rompieron y se robaron las luminarias que se encontraban sobre la vereda.<\/p>\n\n\n\n<p>Personas desconocidas atacaron el frente de la Municipalidad y provocaron todo tipo de da\u00f1os.<\/p>\n\n\n\n<p>Los violentos, que ser\u00eda un grupo de j\u00f3venes que durante las noches se agrupan en la plazoleta Fray Cayetano Rodr\u00edguez o la plaza Constituci\u00f3n, arribaron al lugar durante la madrugada del lunes y da\u00f1aron las luminarias que le dan color al edificio pero adem\u00e1s se las robaron.<\/p>\n\n\n\n<p>Lamentablemente este tipo de situaciones se dan muy a menudo en toda la ciudad y no es la primera vez que se atenta contra los edificios del casco hist\u00f3rico de la ciudad.<\/p>\n\n\n\n<p>Fuente: <a href=\"https:\/\/www.sanpedroinforma.com.ar\/news-124772-vandalismo-sobre-el-frente-del-palacio-municipal\">San Pedro Informa<\/a><\/p>\n\n\n\n<p><\/p>\n","protected":false},"excerpt":{"rendered":"<p>Un grupo de j\u00f3venes que aun no fue identificado provoc\u00f3 da\u00f1os sobre el frente del edificio de la Municipalidad de San Pedro. Rompieron y se robaron las luminarias que se encontraban sobre la vereda. Personas desconocidas atacaron el frente de la Municipalidad y provocaron todo tipo de da\u00f1os. Los violentos, que ser\u00eda un grupo de [&hellip;]<\/p>\n","protected":false},"author":4,"featured_media":103869,"comment_status":"closed","ping_status":"closed","sticky":false,"template":"","format":"standard","meta":{"om_disable_all_campaigns":false,"_jetpack_memberships_contains_paid_content":false,"footnotes":""},"categories":[50,101,2],"tags":[197,696,33,19],"class_list":["post-103868","post","type-post","status-publish","format-standard","has-post-thumbnail","hentry","category-destacadas","category-interes-general-locales","category-locales","tag-buenos-aires","tag-interes-general","tag-locales","tag-san-pedro"],"aioseo_notices":[],"gutentor_comment":0,"jetpack_featured_media_url":"https:\/\/eldiariodesanpedro.com.ar\/sitio\/wp-content\/uploads\/2022\/02\/municipalidad.jpeg","jetpack_shortlink":"https:\/\/wp.me\/p6RhLt-r1i","jetpack_sharing_enabled":true,"_links":{"self":[{"href":"https:\/\/eldiariodesanpedro.com.ar\/sitio\/wp-json\/wp\/v2\/posts\/103868","targetHints":{"allow":["GET"]}}],"collection":[{"href":"https:\/\/eldiariodesanpedro.com.ar\/sitio\/wp-json\/wp\/v2\/posts"}],"about":[{"href":"https:\/\/eldiariodesanpedro.com.ar\/sitio\/wp-json\/wp\/v2\/types\/post"}],"author":[{"embeddable":true,"href":"https:\/\/eldiariodesanpedro.com.ar\/sitio\/wp-json\/wp\/v2\/users\/4"}],"replies":[{"embeddable":true,"href":"https:\/\/eldiariodesanpedro.com.ar\/sitio\/wp-json\/wp\/v2\/comments?post=103868"}],"version-history":[{"count":1,"href":"https:\/\/eldiariodesanpedro.com.ar\/sitio\/wp-json\/wp\/v2\/posts\/103868\/revisions"}],"predecessor-version":[{"id":103870,"href":"https:\/\/eldiariodesanpedro.com.ar\/sitio\/wp-json\/wp\/v2\/posts\/103868\/revisions\/103870"}],"wp:featuredmedia":[{"embeddable":true,"href":"https:\/\/eldiariodesanpedro.com.ar\/sitio\/wp-json\/wp\/v2\/media\/103869"}],"wp:attachment":[{"href":"https:\/\/eldiariodesanpedro.com.ar\/sitio\/wp-json\/wp\/v2\/media?parent=103868"}],"wp:term":[{"taxonomy":"category","embeddable":true,"href":"https:\/\/eldiariodesanpedro.com.ar\/sitio\/wp-json\/wp\/v2\/categories?post=103868"},{"taxonomy":"post_tag","embeddable":true,"href":"https:\/\/eldiariodesanpedro.com.ar\/sitio\/wp-json\/wp\/v2\/tags?post=103868"}],"curies":[{"name":"wp","href":"https:\/\/api.w.org\/{rel}","templated":true}]}}