{"id":103862,"date":"2022-02-08T13:41:23","date_gmt":"2022-02-08T16:41:23","guid":{"rendered":"https:\/\/eldiariodesanpedro.com.ar\/sitio\/?p=103862"},"modified":"2022-02-08T13:46:12","modified_gmt":"2022-02-08T16:46:12","slug":"indignacion-por-el-abandono-y-destruccion-del-paseo-de-los-tuneles","status":"publish","type":"post","link":"https:\/\/eldiariodesanpedro.com.ar\/sitio\/indignacion-por-el-abandono-y-destruccion-del-paseo-de-los-tuneles\/","title":{"rendered":"Indignaci\u00f3n por el abandono y destrucci\u00f3n del Paseo de los T\u00faneles"},"content":{"rendered":"<!-- VideographyWP Plugin Message: Automatic video embedding prevented by plugin options. -->\n\n<p>A trav\u00e9s de las redes sociales Jos\u00e9 Luis Aguilar, integrante del Grupo Conservacionista, cuestion\u00f3 el estado en el que se encuentra el lugar donde se forj\u00f3 gran parte de la ciudad y perteneci\u00f3 a la familia Dipietri.<\/p>\n\n\n\n<p>El temporal de hace unos meses destruy\u00f3 uno de los lugares m\u00e1s significativos de la ciudad. El Paseo de los T\u00faneles fue uno de los atractivos tur\u00edsticos que se construyeron durante la gesti\u00f3n de Jos\u00e9 Luis Aguilar como Director de Cultura pero lamentablemente hoy est\u00e1 abandonado. El lugar, que es parte de lo que Eduardo Dipietri construy\u00f3 para conectar el centro de la provincia con el puerto de San Pedro, fue recuperado y puesto en valor como uno de los puntos visitado por turistas y sampedrinos, pero hoy contrasta con todo.<\/p>\n\n\n\n<p>El propio Aguilar, mostr\u00f3 su malestar a trav\u00e9s de las redes sociales por el estado en que se encuentra el lugar.<\/p>\n\n\n\n<p>QU\u00c9 SENTIR\u00cdAN UDS? <br>Que sentir\u00edan si Uds descubren algo hist\u00f3rico, valioso, excavan, investigan, reconstruyen, se esfuerzan, se rompen el traste para levantar una sala <em>alrededor, pintan, cortan, pegan ladrillos, buscan informaci\u00f3n, llegan a armar un museo con ese tema, reciben visitantes, atienden colegios y todo llega a convertirse en un atractivo para la ciudad&#8230;.hasta que empiezan a ver que se lo deja caer a prop\u00f3sito?<\/em>  <br><em>QU\u00c9 SENTIR\u00cdAN UDS? <br>Que sentir\u00edan UDS si van y avisan por nota formal a la persona a cargo que con la tormenta del 11 de diciembre del a\u00f1o pasado se le vol\u00f3 la mitad del techo a ese lugar y dos meses despu\u00e9s&#8230;TODO SIGUE IGUAL?<\/em> <br><em>QU\u00c9 SENTIR\u00cdAN UDS? <br>Que sentir\u00edan si antes de esto ya se hubiera hundido el barco, el Centro de Flora cerrado y convertido en galp\u00f3n de herramientas y los puestos de los pescadores demolidos \u00abporque se entraba un linyera\u00bb?<\/em> <br><em>QU\u00c9 SENTIR\u00cdAN UDS? <br>Si se hubieran ofrecido a colocar y reclavar las chapas antes que todo se pudra, como ya empez\u00f3 a pudrirse, y lo \u00fanico que logran es que les bloqueen el n\u00famero? <br>ESTOY PODRIDO de ver c\u00f3mo se abandonan las cosas que se hicieron junto a vecinos de cada lugar, con fondos de todos los vecinos que pagan las tasas. <br>Podrido de haber armado un circuito Tur\u00edstico-Cultural que fue envidia de otras ciudades y poco a poco se lo descuida a prop\u00f3sito. <br>Estos lugares est\u00e1n muertos a prop\u00f3sito, ya no generan nada, no suman nada, no generan novedades y a la vista est\u00e1 que ni siquiera se los mantiene. <br>SI SOS FUNCIONARIA\/O DE UN \u00c1REA, RESPET\u00c1 LO QUE SE HIZO ANTES QUE VOS PORQUE LA GENTE LO QUIERE SEGUIR DISFRUTANDO CUANDO VOS YA SEAS S\u00d3LO UN RECUERDO.  <br>La funci\u00f3n p\u00fablica no sos vos ni soy yo. La funci\u00f3n p\u00fablica es aportar lo que cada uno puede para que todos tengamos m\u00e1s con el paso del tiempo. <br>No seas tan soberbia\/o y cuid\u00e1 lo que est\u00e1 hecho. <br>A mucha gente le interesan estos lugares.  <br>Y la memoria de Depietri se lo merece. <br>QU\u00c9 SENTIR\u00cdAN UDS..?<\/em><\/p>\n\n\n\n<p>Fuente: <a href=\"https:\/\/www.sanpedroinforma.com.ar\/news-124771-preocupaci%C3%B3n-por-el-abandono-del-paseo-de-los-t%C3%BAneles\">San Pedro Informa<\/a><\/p>\n","protected":false},"excerpt":{"rendered":"<p>A trav\u00e9s de las redes sociales Jos\u00e9 Luis Aguilar, integrante del Grupo Conservacionista, cuestion\u00f3 el estado en el que se encuentra el lugar donde se forj\u00f3 gran parte de la ciudad y perteneci\u00f3 a la familia Dipietri. El temporal de hace unos meses destruy\u00f3 uno de los lugares m\u00e1s significativos de la ciudad. El Paseo [&hellip;]<\/p>\n","protected":false},"author":4,"featured_media":103863,"comment_status":"closed","ping_status":"closed","sticky":false,"template":"","format":"standard","meta":{"om_disable_all_campaigns":false,"_jetpack_memberships_contains_paid_content":false,"footnotes":""},"categories":[50,101,2],"tags":[197,696,33,19],"class_list":["post-103862","post","type-post","status-publish","format-standard","has-post-thumbnail","hentry","category-destacadas","category-interes-general-locales","category-locales","tag-buenos-aires","tag-interes-general","tag-locales","tag-san-pedro"],"aioseo_notices":[],"gutentor_comment":0,"jetpack_featured_media_url":"https:\/\/eldiariodesanpedro.com.ar\/sitio\/wp-content\/uploads\/2022\/02\/paseodelostuneles.jpg","jetpack_shortlink":"https:\/\/wp.me\/p6RhLt-r1c","jetpack_sharing_enabled":true,"_links":{"self":[{"href":"https:\/\/eldiariodesanpedro.com.ar\/sitio\/wp-json\/wp\/v2\/posts\/103862","targetHints":{"allow":["GET"]}}],"collection":[{"href":"https:\/\/eldiariodesanpedro.com.ar\/sitio\/wp-json\/wp\/v2\/posts"}],"about":[{"href":"https:\/\/eldiariodesanpedro.com.ar\/sitio\/wp-json\/wp\/v2\/types\/post"}],"author":[{"embeddable":true,"href":"https:\/\/eldiariodesanpedro.com.ar\/sitio\/wp-json\/wp\/v2\/users\/4"}],"replies":[{"embeddable":true,"href":"https:\/\/eldiariodesanpedro.com.ar\/sitio\/wp-json\/wp\/v2\/comments?post=103862"}],"version-history":[{"count":2,"href":"https:\/\/eldiariodesanpedro.com.ar\/sitio\/wp-json\/wp\/v2\/posts\/103862\/revisions"}],"predecessor-version":[{"id":103866,"href":"https:\/\/eldiariodesanpedro.com.ar\/sitio\/wp-json\/wp\/v2\/posts\/103862\/revisions\/103866"}],"wp:featuredmedia":[{"embeddable":true,"href":"https:\/\/eldiariodesanpedro.com.ar\/sitio\/wp-json\/wp\/v2\/media\/103863"}],"wp:attachment":[{"href":"https:\/\/eldiariodesanpedro.com.ar\/sitio\/wp-json\/wp\/v2\/media?parent=103862"}],"wp:term":[{"taxonomy":"category","embeddable":true,"href":"https:\/\/eldiariodesanpedro.com.ar\/sitio\/wp-json\/wp\/v2\/categories?post=103862"},{"taxonomy":"post_tag","embeddable":true,"href":"https:\/\/eldiariodesanpedro.com.ar\/sitio\/wp-json\/wp\/v2\/tags?post=103862"}],"curies":[{"name":"wp","href":"https:\/\/api.w.org\/{rel}","templated":true}]}}