{"id":103798,"date":"2022-02-04T18:48:41","date_gmt":"2022-02-04T21:48:41","guid":{"rendered":"https:\/\/eldiariodesanpedro.com.ar\/sitio\/?p=103798"},"modified":"2022-02-04T18:51:02","modified_gmt":"2022-02-04T21:51:02","slug":"coronavirus-continua-el-rapido-desenso-de-casos-activos-hoy-son-496-personas-cursando-la-enfermedad","status":"publish","type":"post","link":"https:\/\/eldiariodesanpedro.com.ar\/sitio\/coronavirus-continua-el-rapido-desenso-de-casos-activos-hoy-son-496-personas-cursando-la-enfermedad\/","title":{"rendered":"Coronavirus: Continua el r\u00e1pido descenso de casos activos, hoy son 496 personas cursando la enfermedad"},"content":{"rendered":"<!-- VideographyWP Plugin Message: Automatic video embedding prevented by plugin options. -->\n\n<p>La Secretar\u00eda de Salud de la Municipalidad de San Pedro brinda el informe oficial del d\u00eda de la fecha, en el seguimiento de la Pandemia de Covid-19.<\/p>\n\n\n\n<p>Se enviaron nuevas muestras que se encuentran pendientes. Cuando se reciban los resultados ser\u00e1n comunicados.<\/p>\n\n\n\n<p>De acuerdo al criterio epidemiol\u00f3gico vigente se cargaron 120 altas. Se informa adem\u00e1s que al momento del env\u00edo de este reporte no hay internados por COVID-19.<\/p>\n\n\n\n<p>Resumen actualizado de informaci\u00f3n oficial <br>Nuevos Positivos: 15 (PCR) <br>Nuevos Negativos: 21 (PCR) <br>Activos: 496 <br>Recuperados: 8514 <br>Fallecidos: 263<\/p>\n\n\n\n<p>Los datos consignados en este informe corresponden a casos analizados por el Laboratorio CentraLab y testeos r\u00e1pidos efectuados en el Laboratorio del Hospital.<\/p>\n\n\n\n<p>&#x1f449; Completar esquema de vacunas<br>&#x1f449; Presentar PASE SANITARIO<br>&#x1f449; Usar adecuadamente el barbijo.<br>&#x1f449; Mantener la distancia m\u00ednima de 2 metros.<br>&#x1f449; Extremar la higiene de los espacios.<br>&#x1f449; Mantener las manos limpias.<\/p>\n","protected":false},"excerpt":{"rendered":"<p>La Secretar\u00eda de Salud de la Municipalidad de San Pedro brinda el informe oficial del d\u00eda de la fecha, en el seguimiento de la Pandemia de Covid-19. Se enviaron nuevas muestras que se encuentran pendientes. Cuando se reciban los resultados ser\u00e1n comunicados. De acuerdo al criterio epidemiol\u00f3gico vigente se cargaron 120 altas. Se informa adem\u00e1s [&hellip;]<\/p>\n","protected":false},"author":4,"featured_media":96333,"comment_status":"closed","ping_status":"closed","sticky":false,"template":"","format":"standard","meta":{"om_disable_all_campaigns":false,"_jetpack_memberships_contains_paid_content":false,"footnotes":""},"categories":[50,101,2],"tags":[197,808,2663,2664,696,33,19],"class_list":["post-103798","post","type-post","status-publish","format-standard","has-post-thumbnail","hentry","category-destacadas","category-interes-general-locales","category-locales","tag-buenos-aires","tag-coronavirus","tag-coronavirus-continua-el-rapido-desenso-de-casos-activos","tag-hoy-son-496-personas-cursando-la-enfermedad","tag-interes-general","tag-locales","tag-san-pedro"],"aioseo_notices":[],"gutentor_comment":0,"jetpack_featured_media_url":"https:\/\/eldiariodesanpedro.com.ar\/sitio\/wp-content\/uploads\/2021\/07\/00048593.jpg","jetpack_shortlink":"https:\/\/wp.me\/p6RhLt-r0a","jetpack_sharing_enabled":true,"_links":{"self":[{"href":"https:\/\/eldiariodesanpedro.com.ar\/sitio\/wp-json\/wp\/v2\/posts\/103798","targetHints":{"allow":["GET"]}}],"collection":[{"href":"https:\/\/eldiariodesanpedro.com.ar\/sitio\/wp-json\/wp\/v2\/posts"}],"about":[{"href":"https:\/\/eldiariodesanpedro.com.ar\/sitio\/wp-json\/wp\/v2\/types\/post"}],"author":[{"embeddable":true,"href":"https:\/\/eldiariodesanpedro.com.ar\/sitio\/wp-json\/wp\/v2\/users\/4"}],"replies":[{"embeddable":true,"href":"https:\/\/eldiariodesanpedro.com.ar\/sitio\/wp-json\/wp\/v2\/comments?post=103798"}],"version-history":[{"count":2,"href":"https:\/\/eldiariodesanpedro.com.ar\/sitio\/wp-json\/wp\/v2\/posts\/103798\/revisions"}],"predecessor-version":[{"id":103800,"href":"https:\/\/eldiariodesanpedro.com.ar\/sitio\/wp-json\/wp\/v2\/posts\/103798\/revisions\/103800"}],"wp:featuredmedia":[{"embeddable":true,"href":"https:\/\/eldiariodesanpedro.com.ar\/sitio\/wp-json\/wp\/v2\/media\/96333"}],"wp:attachment":[{"href":"https:\/\/eldiariodesanpedro.com.ar\/sitio\/wp-json\/wp\/v2\/media?parent=103798"}],"wp:term":[{"taxonomy":"category","embeddable":true,"href":"https:\/\/eldiariodesanpedro.com.ar\/sitio\/wp-json\/wp\/v2\/categories?post=103798"},{"taxonomy":"post_tag","embeddable":true,"href":"https:\/\/eldiariodesanpedro.com.ar\/sitio\/wp-json\/wp\/v2\/tags?post=103798"}],"curies":[{"name":"wp","href":"https:\/\/api.w.org\/{rel}","templated":true}]}}