{"id":103789,"date":"2022-02-04T10:52:21","date_gmt":"2022-02-04T13:52:21","guid":{"rendered":"https:\/\/eldiariodesanpedro.com.ar\/sitio\/?p=103789"},"modified":"2022-02-04T10:52:22","modified_gmt":"2022-02-04T13:52:22","slug":"visita-de-autoridades-de-la-subsecretaria-de-politicas-contra-las-violencias-por-razones-de-genero","status":"publish","type":"post","link":"https:\/\/eldiariodesanpedro.com.ar\/sitio\/visita-de-autoridades-de-la-subsecretaria-de-politicas-contra-las-violencias-por-razones-de-genero\/","title":{"rendered":"Visita de autoridades de la subsecretar\u00eda de Pol\u00edticas contra las violencias por razones de G\u00e9nero"},"content":{"rendered":"<!-- VideographyWP Plugin Message: Automatic video embedding prevented by plugin options. -->\n\n<p>Emilia Martinucci, jefa de Gabinete de la subsecretar\u00eda de Pol\u00edticas contra las violencias por razones de G\u00e9nero, junto a Agostina Balastegui, integrante de la misma jefatura, llegaron este jueves a San Pedro en el marco del segundo taller de formaci\u00f3n sobre din\u00e1micas l\u00fadicas con perspectiva de g\u00e9nero, en este caso orientado a organizaciones que integran la Mesa Local de Atenci\u00f3n y Prevenci\u00f3n de la Violencia de G\u00e9nero y Familiar.<\/p>\n\n\n\n<p>El taller, que cont\u00f3 con la participaci\u00f3n de representantes de distintas agrupaciones, se desarroll\u00f3 en el Centro Cultural Abelardo Castillo. Estuvieron presentes el secretario de Gobierno Pablo Vlaeminck; la secretaria de Pol\u00edticas de G\u00e9nero, Mujeres y Diversidad Laura Monfasani; la directora de Comisiones de Fomento In\u00e9s Mario; y las concejalas Rita Leguizam\u00f3n, Candelaria Cuscuela y Tamara Vlaeminck.<\/p>\n\n\n\n<p>En representaci\u00f3n del intendente Ram\u00f3n Salazar, el secretario de Gobierno destac\u00f3 la importancia de apoyar este tipo de pol\u00edticas y resalt\u00f3 la decisi\u00f3n de la gesti\u00f3n municipal de dar el rango de secretar\u00eda al \u00e1rea que trabaja sobre las problem\u00e1ticas de G\u00e9nero.<\/p>\n\n\n\n<p>Monfasani, por su parte, destac\u00f3 la importancia de las nuevas herramientas adquiridas: \u00abEs una forma de empezar a abordar las tem\u00e1ticas de g\u00e9nero a trav\u00e9s del juego. Que podamos implementar la parte l\u00fadica en las \u00e1reas de abordaje espec\u00edfico, como Salud y Desarrollo Humano, adem\u00e1s de la secretar\u00eda de G\u00e9nero, es muy importante. Nos permite trabajar en la prevenci\u00f3n y es muy importante para llegar a los barrios\u00bb. En este sentido remarc\u00f3 que, en conjunto con otras \u00e1reas, se pondr\u00e1 en marcha un operativo por localidades y barrios no solo para \u00abpresentar formalmente la secretar\u00eda\u00bb sino para avanzar en la prevenci\u00f3n, detecci\u00f3n y visibilizaci\u00f3n de las violencias.<\/p>\n\n\n\n<p>Martinucci, en tanto, destac\u00f3 que estos talleres \u00abse enmarcan en las pol\u00edticas que impulsamos desde la subsecretar\u00eda en el marco de la campa\u00f1a de verano\u00bb, destinadas a fortalecer la presencia en los territorios. \u00abPromover el acceso al derecho al juego es fundamental no solo para habitar espacios de reflexi\u00f3n e interpelaci\u00f3n en relaci\u00f3n a las pr\u00e1cticas que sostienen en estos casos las violencias por razones de g\u00e9nero, sino tambi\u00e9n como una instacia de organizaci\u00f3n\u00bb, sostuvo.<\/p>\n\n\n\n<p>Por \u00faltimo, Balastegui puso \u00e9nfasis en las pol\u00edticas de prevenci\u00f3n: \u00abes una de las herramientas y recursos m\u00e1s importantes, una de las obligaciones que tiene el Estado, la de llegar a tiempo, la de construir paradigmas de protecci\u00f3n de los derechos\u00bb.<\/p>\n\n\n\n<figure class=\"wp-block-image size-full\"><img decoding=\"async\" width=\"997\" height=\"630\" data-attachment-id=\"103791\" data-permalink=\"https:\/\/eldiariodesanpedro.com.ar\/sitio\/visita-de-autoridades-de-la-subsecretaria-de-politicas-contra-las-violencias-por-razones-de-genero\/whatsapp-image-2022-02-03-at-16-59-49\/\" data-orig-file=\"https:\/\/eldiariodesanpedro.com.ar\/sitio\/wp-content\/uploads\/2022\/02\/WhatsApp-Image-2022-02-03-at-16.59.49.jpeg\" data-orig-size=\"997,630\" data-comments-opened=\"0\" data-image-meta=\"{&quot;aperture&quot;:&quot;0&quot;,&quot;credit&quot;:&quot;&quot;,&quot;camera&quot;:&quot;&quot;,&quot;caption&quot;:&quot;&quot;,&quot;created_timestamp&quot;:&quot;0&quot;,&quot;copyright&quot;:&quot;&quot;,&quot;focal_length&quot;:&quot;0&quot;,&quot;iso&quot;:&quot;0&quot;,&quot;shutter_speed&quot;:&quot;0&quot;,&quot;title&quot;:&quot;&quot;,&quot;orientation&quot;:&quot;0&quot;}\" data-image-title=\"WhatsApp Image 2022-02-03 at 16.59.49\" data-image-description=\"\" data-image-caption=\"\" data-large-file=\"https:\/\/eldiariodesanpedro.com.ar\/sitio\/wp-content\/uploads\/2022\/02\/WhatsApp-Image-2022-02-03-at-16.59.49.jpeg\" data-src=\"https:\/\/eldiariodesanpedro.com.ar\/sitio\/wp-content\/uploads\/2022\/02\/WhatsApp-Image-2022-02-03-at-16.59.49.jpeg\" alt=\"\" class=\"wp-image-103791 lazyload\" data-srcset=\"https:\/\/eldiariodesanpedro.com.ar\/sitio\/wp-content\/uploads\/2022\/02\/WhatsApp-Image-2022-02-03-at-16.59.49.jpeg 997w, https:\/\/eldiariodesanpedro.com.ar\/sitio\/wp-content\/uploads\/2022\/02\/WhatsApp-Image-2022-02-03-at-16.59.49-300x190.jpeg 300w, https:\/\/eldiariodesanpedro.com.ar\/sitio\/wp-content\/uploads\/2022\/02\/WhatsApp-Image-2022-02-03-at-16.59.49-768x485.jpeg 768w\" data-sizes=\"(max-width: 997px) 100vw, 997px\" src=\"data:image\/svg+xml;base64,PHN2ZyB3aWR0aD0iMSIgaGVpZ2h0PSIxIiB4bWxucz0iaHR0cDovL3d3dy53My5vcmcvMjAwMC9zdmciPjwvc3ZnPg==\" style=\"--smush-placeholder-width: 997px; --smush-placeholder-aspect-ratio: 997\/630;\" \/><\/figure>\n\n\n\n<figure class=\"wp-block-image size-full\"><img decoding=\"async\" width=\"895\" height=\"630\" data-attachment-id=\"103790\" data-permalink=\"https:\/\/eldiariodesanpedro.com.ar\/sitio\/visita-de-autoridades-de-la-subsecretaria-de-politicas-contra-las-violencias-por-razones-de-genero\/whatsapp-image-2022-02-03-at-16-59-49-1\/\" data-orig-file=\"https:\/\/eldiariodesanpedro.com.ar\/sitio\/wp-content\/uploads\/2022\/02\/WhatsApp-Image-2022-02-03-at-16.59.49-1.jpeg\" data-orig-size=\"895,630\" data-comments-opened=\"0\" data-image-meta=\"{&quot;aperture&quot;:&quot;0&quot;,&quot;credit&quot;:&quot;&quot;,&quot;camera&quot;:&quot;&quot;,&quot;caption&quot;:&quot;&quot;,&quot;created_timestamp&quot;:&quot;0&quot;,&quot;copyright&quot;:&quot;&quot;,&quot;focal_length&quot;:&quot;0&quot;,&quot;iso&quot;:&quot;0&quot;,&quot;shutter_speed&quot;:&quot;0&quot;,&quot;title&quot;:&quot;&quot;,&quot;orientation&quot;:&quot;0&quot;}\" data-image-title=\"WhatsApp Image 2022-02-03 at 16.59.49 (1)\" data-image-description=\"\" data-image-caption=\"\" data-large-file=\"https:\/\/eldiariodesanpedro.com.ar\/sitio\/wp-content\/uploads\/2022\/02\/WhatsApp-Image-2022-02-03-at-16.59.49-1.jpeg\" data-src=\"https:\/\/eldiariodesanpedro.com.ar\/sitio\/wp-content\/uploads\/2022\/02\/WhatsApp-Image-2022-02-03-at-16.59.49-1.jpeg\" alt=\"\" class=\"wp-image-103790 lazyload\" data-srcset=\"https:\/\/eldiariodesanpedro.com.ar\/sitio\/wp-content\/uploads\/2022\/02\/WhatsApp-Image-2022-02-03-at-16.59.49-1.jpeg 895w, https:\/\/eldiariodesanpedro.com.ar\/sitio\/wp-content\/uploads\/2022\/02\/WhatsApp-Image-2022-02-03-at-16.59.49-1-300x211.jpeg 300w, https:\/\/eldiariodesanpedro.com.ar\/sitio\/wp-content\/uploads\/2022\/02\/WhatsApp-Image-2022-02-03-at-16.59.49-1-768x541.jpeg 768w\" data-sizes=\"(max-width: 895px) 100vw, 895px\" src=\"data:image\/svg+xml;base64,PHN2ZyB3aWR0aD0iMSIgaGVpZ2h0PSIxIiB4bWxucz0iaHR0cDovL3d3dy53My5vcmcvMjAwMC9zdmciPjwvc3ZnPg==\" style=\"--smush-placeholder-width: 895px; --smush-placeholder-aspect-ratio: 895\/630;\" \/><\/figure>\n","protected":false},"excerpt":{"rendered":"<p>Emilia Martinucci, jefa de Gabinete de la subsecretar\u00eda de Pol\u00edticas contra las violencias por razones de G\u00e9nero, junto a Agostina Balastegui, integrante de la misma jefatura, llegaron este jueves a San Pedro en el marco del segundo taller de formaci\u00f3n sobre din\u00e1micas l\u00fadicas con perspectiva de g\u00e9nero, en este caso orientado a organizaciones que integran [&hellip;]<\/p>\n","protected":false},"author":4,"featured_media":103792,"comment_status":"closed","ping_status":"closed","sticky":false,"template":"","format":"standard","meta":{"om_disable_all_campaigns":false,"_jetpack_memberships_contains_paid_content":false,"footnotes":""},"categories":[50,101,2],"tags":[197,696,33,19,2661],"class_list":["post-103789","post","type-post","status-publish","format-standard","has-post-thumbnail","hentry","category-destacadas","category-interes-general-locales","category-locales","tag-buenos-aires","tag-interes-general","tag-locales","tag-san-pedro","tag-visita-de-autoridades-de-la-subsecretaria-de-politicas-contra-las-violencias-por-razones-de-genero"],"aioseo_notices":[],"gutentor_comment":0,"jetpack_featured_media_url":"https:\/\/eldiariodesanpedro.com.ar\/sitio\/wp-content\/uploads\/2022\/02\/WhatsApp-Image-2022-02-03-at-16.59.50-1.jpeg","jetpack_shortlink":"https:\/\/wp.me\/p6RhLt-r01","jetpack_sharing_enabled":true,"_links":{"self":[{"href":"https:\/\/eldiariodesanpedro.com.ar\/sitio\/wp-json\/wp\/v2\/posts\/103789","targetHints":{"allow":["GET"]}}],"collection":[{"href":"https:\/\/eldiariodesanpedro.com.ar\/sitio\/wp-json\/wp\/v2\/posts"}],"about":[{"href":"https:\/\/eldiariodesanpedro.com.ar\/sitio\/wp-json\/wp\/v2\/types\/post"}],"author":[{"embeddable":true,"href":"https:\/\/eldiariodesanpedro.com.ar\/sitio\/wp-json\/wp\/v2\/users\/4"}],"replies":[{"embeddable":true,"href":"https:\/\/eldiariodesanpedro.com.ar\/sitio\/wp-json\/wp\/v2\/comments?post=103789"}],"version-history":[{"count":1,"href":"https:\/\/eldiariodesanpedro.com.ar\/sitio\/wp-json\/wp\/v2\/posts\/103789\/revisions"}],"predecessor-version":[{"id":103795,"href":"https:\/\/eldiariodesanpedro.com.ar\/sitio\/wp-json\/wp\/v2\/posts\/103789\/revisions\/103795"}],"wp:featuredmedia":[{"embeddable":true,"href":"https:\/\/eldiariodesanpedro.com.ar\/sitio\/wp-json\/wp\/v2\/media\/103792"}],"wp:attachment":[{"href":"https:\/\/eldiariodesanpedro.com.ar\/sitio\/wp-json\/wp\/v2\/media?parent=103789"}],"wp:term":[{"taxonomy":"category","embeddable":true,"href":"https:\/\/eldiariodesanpedro.com.ar\/sitio\/wp-json\/wp\/v2\/categories?post=103789"},{"taxonomy":"post_tag","embeddable":true,"href":"https:\/\/eldiariodesanpedro.com.ar\/sitio\/wp-json\/wp\/v2\/tags?post=103789"}],"curies":[{"name":"wp","href":"https:\/\/api.w.org\/{rel}","templated":true}]}}