{"id":103787,"date":"2022-02-04T10:34:22","date_gmt":"2022-02-04T13:34:22","guid":{"rendered":"https:\/\/eldiariodesanpedro.com.ar\/sitio\/?p=103787"},"modified":"2022-02-04T10:34:24","modified_gmt":"2022-02-04T13:34:24","slug":"nuevo-funcionamiento-de-los-consultorios-de-control-covid-19","status":"publish","type":"post","link":"https:\/\/eldiariodesanpedro.com.ar\/sitio\/nuevo-funcionamiento-de-los-consultorios-de-control-covid-19\/","title":{"rendered":"Nuevo funcionamiento de los consultorios de control Covid-19"},"content":{"rendered":"<!-- VideographyWP Plugin Message: Automatic video embedding prevented by plugin options. -->\n\n<p>La Secretar\u00eda de Salud informa que a partir del lunes 7 de febrero se unificar\u00e1 la atenci\u00f3n para testeos y seguimientos de casos en los consultorios de control Covid (amarillos) en Ituzaing\u00f3 979 que contar\u00e1 con un nuevo cronograma de atenci\u00f3n.<\/p>\n\n\n\n<p>De lunes a viernes en el horario de 7.30 a 9.30 se realizar\u00e1n testeos y de 10 a 13 se realizar\u00e1 control y seguimiento a quienes est\u00e9n cursando la enfermedad.<\/p>\n\n\n\n<p>Los d\u00edas s\u00e1bados se realizar\u00e1 \u00fanicamente control y seguimiento de covid positivo en el horario de 9 a 12 hs.<\/p>\n","protected":false},"excerpt":{"rendered":"<p>La Secretar\u00eda de Salud informa que a partir del lunes 7 de febrero se unificar\u00e1 la atenci\u00f3n para testeos y seguimientos de casos en los consultorios de control Covid (amarillos) en Ituzaing\u00f3 979 que contar\u00e1 con un nuevo cronograma de atenci\u00f3n. De lunes a viernes en el horario de 7.30 a 9.30 se realizar\u00e1n testeos [&hellip;]<\/p>\n","protected":false},"author":4,"featured_media":75743,"comment_status":"closed","ping_status":"closed","sticky":false,"template":"","format":"standard","meta":{"om_disable_all_campaigns":false,"_jetpack_memberships_contains_paid_content":false,"footnotes":""},"categories":[50,101,2],"tags":[197,696,33,19],"class_list":["post-103787","post","type-post","status-publish","format-standard","has-post-thumbnail","hentry","category-destacadas","category-interes-general-locales","category-locales","tag-buenos-aires","tag-interes-general","tag-locales","tag-san-pedro"],"aioseo_notices":[],"gutentor_comment":0,"jetpack_featured_media_url":"https:\/\/eldiariodesanpedro.com.ar\/sitio\/wp-content\/uploads\/2020\/06\/osprera.png","jetpack_shortlink":"https:\/\/wp.me\/p6RhLt-qZZ","jetpack_sharing_enabled":true,"_links":{"self":[{"href":"https:\/\/eldiariodesanpedro.com.ar\/sitio\/wp-json\/wp\/v2\/posts\/103787","targetHints":{"allow":["GET"]}}],"collection":[{"href":"https:\/\/eldiariodesanpedro.com.ar\/sitio\/wp-json\/wp\/v2\/posts"}],"about":[{"href":"https:\/\/eldiariodesanpedro.com.ar\/sitio\/wp-json\/wp\/v2\/types\/post"}],"author":[{"embeddable":true,"href":"https:\/\/eldiariodesanpedro.com.ar\/sitio\/wp-json\/wp\/v2\/users\/4"}],"replies":[{"embeddable":true,"href":"https:\/\/eldiariodesanpedro.com.ar\/sitio\/wp-json\/wp\/v2\/comments?post=103787"}],"version-history":[{"count":1,"href":"https:\/\/eldiariodesanpedro.com.ar\/sitio\/wp-json\/wp\/v2\/posts\/103787\/revisions"}],"predecessor-version":[{"id":103788,"href":"https:\/\/eldiariodesanpedro.com.ar\/sitio\/wp-json\/wp\/v2\/posts\/103787\/revisions\/103788"}],"wp:featuredmedia":[{"embeddable":true,"href":"https:\/\/eldiariodesanpedro.com.ar\/sitio\/wp-json\/wp\/v2\/media\/75743"}],"wp:attachment":[{"href":"https:\/\/eldiariodesanpedro.com.ar\/sitio\/wp-json\/wp\/v2\/media?parent=103787"}],"wp:term":[{"taxonomy":"category","embeddable":true,"href":"https:\/\/eldiariodesanpedro.com.ar\/sitio\/wp-json\/wp\/v2\/categories?post=103787"},{"taxonomy":"post_tag","embeddable":true,"href":"https:\/\/eldiariodesanpedro.com.ar\/sitio\/wp-json\/wp\/v2\/tags?post=103787"}],"curies":[{"name":"wp","href":"https:\/\/api.w.org\/{rel}","templated":true}]}}