{"id":103782,"date":"2022-02-03T22:52:27","date_gmt":"2022-02-04T01:52:27","guid":{"rendered":"https:\/\/eldiariodesanpedro.com.ar\/sitio\/?p=103782"},"modified":"2022-02-03T22:53:07","modified_gmt":"2022-02-04T01:53:07","slug":"llamado-a-licitacion-por-concesion-kiosco-de-la-escuela-normal","status":"publish","type":"post","link":"https:\/\/eldiariodesanpedro.com.ar\/sitio\/llamado-a-licitacion-por-concesion-kiosco-de-la-escuela-normal\/","title":{"rendered":"Llamado a licitaci\u00f3n por Concesi\u00f3n kiosco de la Escuela Normal"},"content":{"rendered":"<!-- VideographyWP Plugin Message: Automatic video embedding prevented by plugin options. -->\n\n<p><strong>La Asoc. Coop. de Esc. Normal, Fray Cayetano Rodr\u00edguez, licita concesi\u00f3n de quiosco escolar categor\u00eda \u201cC\u201d. Venta de pliego en 3 de febrero 1134 \u201clibrer\u00eda Ilusiones\u201d del 14 al 25 de febrero horario comercial. Valor $5300. Consultas a 474703<\/strong><\/p>\n\n\n\n<p><strong>(Publicaci\u00f3n los d\u00edas 03, 04, 07, 08 y 09 de Febrero de 2022 )<\/strong><\/p>\n","protected":false},"excerpt":{"rendered":"<p>La Asoc. Coop. de Esc. Normal, Fray Cayetano Rodr\u00edguez, licita concesi\u00f3n de quiosco escolar categor\u00eda \u201cC\u201d. Venta de pliego en 3 de febrero 1134 \u201clibrer\u00eda Ilusiones\u201d del 14 al 25 de febrero horario comercial. Valor $5300. Consultas a 474703 (Publicaci\u00f3n los d\u00edas 03, 04, 07, 08 y 09 de Febrero de 2022 )<\/p>\n","protected":false},"author":4,"featured_media":103783,"comment_status":"closed","ping_status":"closed","sticky":false,"template":"","format":"standard","meta":{"om_disable_all_campaigns":false,"_jetpack_memberships_contains_paid_content":false,"footnotes":""},"categories":[678,676],"tags":[197,696,2660,33,19],"class_list":["post-103782","post","type-post","status-publish","format-standard","has-post-thumbnail","hentry","category-convocatorias","category-edictos","tag-buenos-aires","tag-interes-general","tag-llamado-a-licitacion-por-concesion-kiosco-de-la-escuela-normal","tag-locales","tag-san-pedro"],"aioseo_notices":[],"gutentor_comment":0,"jetpack_featured_media_url":"https:\/\/eldiariodesanpedro.com.ar\/sitio\/wp-content\/uploads\/2022\/02\/Escuela-Normal-febrero-2022.jpg","jetpack_shortlink":"https:\/\/wp.me\/p6RhLt-qZU","jetpack_sharing_enabled":true,"_links":{"self":[{"href":"https:\/\/eldiariodesanpedro.com.ar\/sitio\/wp-json\/wp\/v2\/posts\/103782","targetHints":{"allow":["GET"]}}],"collection":[{"href":"https:\/\/eldiariodesanpedro.com.ar\/sitio\/wp-json\/wp\/v2\/posts"}],"about":[{"href":"https:\/\/eldiariodesanpedro.com.ar\/sitio\/wp-json\/wp\/v2\/types\/post"}],"author":[{"embeddable":true,"href":"https:\/\/eldiariodesanpedro.com.ar\/sitio\/wp-json\/wp\/v2\/users\/4"}],"replies":[{"embeddable":true,"href":"https:\/\/eldiariodesanpedro.com.ar\/sitio\/wp-json\/wp\/v2\/comments?post=103782"}],"version-history":[{"count":1,"href":"https:\/\/eldiariodesanpedro.com.ar\/sitio\/wp-json\/wp\/v2\/posts\/103782\/revisions"}],"predecessor-version":[{"id":103784,"href":"https:\/\/eldiariodesanpedro.com.ar\/sitio\/wp-json\/wp\/v2\/posts\/103782\/revisions\/103784"}],"wp:featuredmedia":[{"embeddable":true,"href":"https:\/\/eldiariodesanpedro.com.ar\/sitio\/wp-json\/wp\/v2\/media\/103783"}],"wp:attachment":[{"href":"https:\/\/eldiariodesanpedro.com.ar\/sitio\/wp-json\/wp\/v2\/media?parent=103782"}],"wp:term":[{"taxonomy":"category","embeddable":true,"href":"https:\/\/eldiariodesanpedro.com.ar\/sitio\/wp-json\/wp\/v2\/categories?post=103782"},{"taxonomy":"post_tag","embeddable":true,"href":"https:\/\/eldiariodesanpedro.com.ar\/sitio\/wp-json\/wp\/v2\/tags?post=103782"}],"curies":[{"name":"wp","href":"https:\/\/api.w.org\/{rel}","templated":true}]}}