{"id":103776,"date":"2022-02-03T21:12:45","date_gmt":"2022-02-04T00:12:45","guid":{"rendered":"https:\/\/eldiariodesanpedro.com.ar\/sitio\/?p=103776"},"modified":"2022-02-03T21:12:48","modified_gmt":"2022-02-04T00:12:48","slug":"dos-jovencitas-fueron-sorprendidas-por-delincuentes-cuando-llegaba-a-su-casa-y-les-robaron","status":"publish","type":"post","link":"https:\/\/eldiariodesanpedro.com.ar\/sitio\/dos-jovencitas-fueron-sorprendidas-por-delincuentes-cuando-llegaba-a-su-casa-y-les-robaron\/","title":{"rendered":"Dos jovencitas fueron sorprendidas por delincuentes cuando llegaba a su casa y les robaron"},"content":{"rendered":"<!-- VideographyWP Plugin Message: Automatic video embedding prevented by plugin options. -->\n\n<p>Este jueves en horas de la noche dos mujeres fueron v\u00edctimas de un robo por parte de dos delincuentes.<\/p>\n\n\n\n<p>En horas de la noche se recepcion\u00f3 la denuncia en la comisar\u00eda local por parte de una femenina de 18 a\u00f1os que en momentos en que regres\u00f3 a su domicilio ubicado en calle Belgrano al 2500 junto a su amiga fue sorprendidas por dos masculinos quienes le sustraen sus tel\u00e9fonos celulares, billetera y documentaci\u00f3n.<\/p>\n\n\n\n<p>Afortunadamente las j\u00f3venes resultaron ilesas.<\/p>\n","protected":false},"excerpt":{"rendered":"<p>Este jueves en horas de la noche dos mujeres fueron v\u00edctimas de un robo por parte de dos delincuentes. En horas de la noche se recepcion\u00f3 la denuncia en la comisar\u00eda local por parte de una femenina de 18 a\u00f1os que en momentos en que regres\u00f3 a su domicilio ubicado en calle Belgrano al 2500 [&hellip;]<\/p>\n","protected":false},"author":4,"featured_media":77860,"comment_status":"closed","ping_status":"closed","sticky":false,"template":"","format":"standard","meta":{"om_disable_all_campaigns":false,"_jetpack_memberships_contains_paid_content":false,"footnotes":""},"categories":[2,103],"tags":[197,33,95,19],"class_list":["post-103776","post","type-post","status-publish","format-standard","has-post-thumbnail","hentry","category-locales","category-policiales-locales","tag-buenos-aires","tag-locales","tag-policiales","tag-san-pedro"],"aioseo_notices":[],"gutentor_comment":0,"jetpack_featured_media_url":"https:\/\/eldiariodesanpedro.com.ar\/sitio\/wp-content\/uploads\/2020\/07\/000085506.jpg","jetpack_shortlink":"https:\/\/wp.me\/p6RhLt-qZO","jetpack_sharing_enabled":true,"_links":{"self":[{"href":"https:\/\/eldiariodesanpedro.com.ar\/sitio\/wp-json\/wp\/v2\/posts\/103776","targetHints":{"allow":["GET"]}}],"collection":[{"href":"https:\/\/eldiariodesanpedro.com.ar\/sitio\/wp-json\/wp\/v2\/posts"}],"about":[{"href":"https:\/\/eldiariodesanpedro.com.ar\/sitio\/wp-json\/wp\/v2\/types\/post"}],"author":[{"embeddable":true,"href":"https:\/\/eldiariodesanpedro.com.ar\/sitio\/wp-json\/wp\/v2\/users\/4"}],"replies":[{"embeddable":true,"href":"https:\/\/eldiariodesanpedro.com.ar\/sitio\/wp-json\/wp\/v2\/comments?post=103776"}],"version-history":[{"count":1,"href":"https:\/\/eldiariodesanpedro.com.ar\/sitio\/wp-json\/wp\/v2\/posts\/103776\/revisions"}],"predecessor-version":[{"id":103777,"href":"https:\/\/eldiariodesanpedro.com.ar\/sitio\/wp-json\/wp\/v2\/posts\/103776\/revisions\/103777"}],"wp:featuredmedia":[{"embeddable":true,"href":"https:\/\/eldiariodesanpedro.com.ar\/sitio\/wp-json\/wp\/v2\/media\/77860"}],"wp:attachment":[{"href":"https:\/\/eldiariodesanpedro.com.ar\/sitio\/wp-json\/wp\/v2\/media?parent=103776"}],"wp:term":[{"taxonomy":"category","embeddable":true,"href":"https:\/\/eldiariodesanpedro.com.ar\/sitio\/wp-json\/wp\/v2\/categories?post=103776"},{"taxonomy":"post_tag","embeddable":true,"href":"https:\/\/eldiariodesanpedro.com.ar\/sitio\/wp-json\/wp\/v2\/tags?post=103776"}],"curies":[{"name":"wp","href":"https:\/\/api.w.org\/{rel}","templated":true}]}}