{"id":103770,"date":"2022-02-03T20:54:19","date_gmt":"2022-02-03T23:54:19","guid":{"rendered":"https:\/\/eldiariodesanpedro.com.ar\/sitio\/?p=103770"},"modified":"2022-02-03T20:54:21","modified_gmt":"2022-02-03T23:54:21","slug":"una-mujer-murio-al-resbalar-en-la-ducha-y-golpear-su-cabeza","status":"publish","type":"post","link":"https:\/\/eldiariodesanpedro.com.ar\/sitio\/una-mujer-murio-al-resbalar-en-la-ducha-y-golpear-su-cabeza\/","title":{"rendered":"Una mujer muri\u00f3 al resbalar en la ducha y golpear su cabeza"},"content":{"rendered":"<!-- VideographyWP Plugin Message: Automatic video embedding prevented by plugin options. -->\n\n<p>En la jornada de hoy una mujer falleci\u00f3 al resbalar en una ducha golpeando su cabeza y perdiendo la vida.<\/p>\n\n\n\n<p>Este jueves 19 hs llamado al 911 de mujer descompensada ante arribo del m\u00f3vil policial solicita ambulancia ya que una mujer de 51 a\u00f1os se hallaba tendida sobre el suelo del ba\u00f1o sin signos vitales constatando m\u00e9dico de ambulancia SAME el deceso.&nbsp;<\/p>\n\n\n\n<p>Seg\u00fan lo que trascendi\u00f3 es que la mujer habr\u00eda ca\u00eddo en el ba\u00f1o de la vivienda golpe\u00e1ndose la cabeza y perdiendo la vida instant\u00e1neamente<\/p>\n","protected":false},"excerpt":{"rendered":"<p>En la jornada de hoy una mujer falleci\u00f3 al resbalar en una ducha golpeando su cabeza y perdiendo la vida. Este jueves 19 hs llamado al 911 de mujer descompensada ante arribo del m\u00f3vil policial solicita ambulancia ya que una mujer de 51 a\u00f1os se hallaba tendida sobre el suelo del ba\u00f1o sin signos vitales [&hellip;]<\/p>\n","protected":false},"author":4,"featured_media":103771,"comment_status":"closed","ping_status":"closed","sticky":false,"template":"","format":"standard","meta":{"om_disable_all_campaigns":false,"_jetpack_memberships_contains_paid_content":false,"footnotes":""},"categories":[50,2,103],"tags":[197,33,95,19],"class_list":["post-103770","post","type-post","status-publish","format-standard","has-post-thumbnail","hentry","category-destacadas","category-locales","category-policiales-locales","tag-buenos-aires","tag-locales","tag-policiales","tag-san-pedro"],"aioseo_notices":[],"gutentor_comment":0,"jetpack_featured_media_url":"https:\/\/eldiariodesanpedro.com.ar\/sitio\/wp-content\/uploads\/2022\/02\/cientifica-3.jpg","jetpack_shortlink":"https:\/\/wp.me\/p6RhLt-qZI","jetpack_sharing_enabled":true,"_links":{"self":[{"href":"https:\/\/eldiariodesanpedro.com.ar\/sitio\/wp-json\/wp\/v2\/posts\/103770","targetHints":{"allow":["GET"]}}],"collection":[{"href":"https:\/\/eldiariodesanpedro.com.ar\/sitio\/wp-json\/wp\/v2\/posts"}],"about":[{"href":"https:\/\/eldiariodesanpedro.com.ar\/sitio\/wp-json\/wp\/v2\/types\/post"}],"author":[{"embeddable":true,"href":"https:\/\/eldiariodesanpedro.com.ar\/sitio\/wp-json\/wp\/v2\/users\/4"}],"replies":[{"embeddable":true,"href":"https:\/\/eldiariodesanpedro.com.ar\/sitio\/wp-json\/wp\/v2\/comments?post=103770"}],"version-history":[{"count":1,"href":"https:\/\/eldiariodesanpedro.com.ar\/sitio\/wp-json\/wp\/v2\/posts\/103770\/revisions"}],"predecessor-version":[{"id":103772,"href":"https:\/\/eldiariodesanpedro.com.ar\/sitio\/wp-json\/wp\/v2\/posts\/103770\/revisions\/103772"}],"wp:featuredmedia":[{"embeddable":true,"href":"https:\/\/eldiariodesanpedro.com.ar\/sitio\/wp-json\/wp\/v2\/media\/103771"}],"wp:attachment":[{"href":"https:\/\/eldiariodesanpedro.com.ar\/sitio\/wp-json\/wp\/v2\/media?parent=103770"}],"wp:term":[{"taxonomy":"category","embeddable":true,"href":"https:\/\/eldiariodesanpedro.com.ar\/sitio\/wp-json\/wp\/v2\/categories?post=103770"},{"taxonomy":"post_tag","embeddable":true,"href":"https:\/\/eldiariodesanpedro.com.ar\/sitio\/wp-json\/wp\/v2\/tags?post=103770"}],"curies":[{"name":"wp","href":"https:\/\/api.w.org\/{rel}","templated":true}]}}