{"id":103758,"date":"2022-02-03T19:13:52","date_gmt":"2022-02-03T22:13:52","guid":{"rendered":"https:\/\/eldiariodesanpedro.com.ar\/sitio\/?p=103758"},"modified":"2022-02-03T19:13:53","modified_gmt":"2022-02-03T22:13:53","slug":"se-recupero-una-bicicleta-robada-en-2021","status":"publish","type":"post","link":"https:\/\/eldiariodesanpedro.com.ar\/sitio\/se-recupero-una-bicicleta-robada-en-2021\/","title":{"rendered":"Se recupero una bicicleta robada en 2021"},"content":{"rendered":"<!-- VideographyWP Plugin Message: Automatic video embedding prevented by plugin options. -->\n\n<p>Este mi\u00e9rcoles alrededor de las 13 hs, el personal policial de la comisar\u00eda local se hace presente en calle Tucum\u00e1n al 100 donde se aprehendi\u00f3 a un ciudadano de 47 a\u00f1os quien circulaba en bicicleta sustra\u00edda el pasado 20 de noviembre de 2021, denunciado por una mujer de 39 a\u00f1os,bicicleta reconocida y restituida.- \u00a0<\/p>\n","protected":false},"excerpt":{"rendered":"<p>Este mi\u00e9rcoles alrededor de las 13 hs, el personal policial de la comisar\u00eda local se hace presente en calle Tucum\u00e1n al 100 donde se aprehendi\u00f3 a un ciudadano de 47 a\u00f1os quien circulaba en bicicleta sustra\u00edda el pasado 20 de noviembre de 2021, denunciado por una mujer de 39 a\u00f1os,bicicleta reconocida y restituida.- \u00a0<\/p>\n","protected":false},"author":4,"featured_media":103759,"comment_status":"closed","ping_status":"closed","sticky":false,"template":"","format":"standard","meta":{"om_disable_all_campaigns":false,"_jetpack_memberships_contains_paid_content":false,"footnotes":""},"categories":[2,103],"tags":[197,696,33,95,19],"class_list":["post-103758","post","type-post","status-publish","format-standard","has-post-thumbnail","hentry","category-locales","category-policiales-locales","tag-buenos-aires","tag-interes-general","tag-locales","tag-policiales","tag-san-pedro"],"aioseo_notices":[],"gutentor_comment":0,"jetpack_featured_media_url":"https:\/\/eldiariodesanpedro.com.ar\/sitio\/wp-content\/uploads\/2022\/02\/medida-4.jpg","jetpack_shortlink":"https:\/\/wp.me\/p6RhLt-qZw","jetpack_sharing_enabled":true,"_links":{"self":[{"href":"https:\/\/eldiariodesanpedro.com.ar\/sitio\/wp-json\/wp\/v2\/posts\/103758","targetHints":{"allow":["GET"]}}],"collection":[{"href":"https:\/\/eldiariodesanpedro.com.ar\/sitio\/wp-json\/wp\/v2\/posts"}],"about":[{"href":"https:\/\/eldiariodesanpedro.com.ar\/sitio\/wp-json\/wp\/v2\/types\/post"}],"author":[{"embeddable":true,"href":"https:\/\/eldiariodesanpedro.com.ar\/sitio\/wp-json\/wp\/v2\/users\/4"}],"replies":[{"embeddable":true,"href":"https:\/\/eldiariodesanpedro.com.ar\/sitio\/wp-json\/wp\/v2\/comments?post=103758"}],"version-history":[{"count":1,"href":"https:\/\/eldiariodesanpedro.com.ar\/sitio\/wp-json\/wp\/v2\/posts\/103758\/revisions"}],"predecessor-version":[{"id":103760,"href":"https:\/\/eldiariodesanpedro.com.ar\/sitio\/wp-json\/wp\/v2\/posts\/103758\/revisions\/103760"}],"wp:featuredmedia":[{"embeddable":true,"href":"https:\/\/eldiariodesanpedro.com.ar\/sitio\/wp-json\/wp\/v2\/media\/103759"}],"wp:attachment":[{"href":"https:\/\/eldiariodesanpedro.com.ar\/sitio\/wp-json\/wp\/v2\/media?parent=103758"}],"wp:term":[{"taxonomy":"category","embeddable":true,"href":"https:\/\/eldiariodesanpedro.com.ar\/sitio\/wp-json\/wp\/v2\/categories?post=103758"},{"taxonomy":"post_tag","embeddable":true,"href":"https:\/\/eldiariodesanpedro.com.ar\/sitio\/wp-json\/wp\/v2\/tags?post=103758"}],"curies":[{"name":"wp","href":"https:\/\/api.w.org\/{rel}","templated":true}]}}