{"id":103753,"date":"2022-02-03T18:42:40","date_gmt":"2022-02-03T21:42:40","guid":{"rendered":"https:\/\/eldiariodesanpedro.com.ar\/sitio\/?p=103753"},"modified":"2022-02-03T18:43:47","modified_gmt":"2022-02-03T21:43:47","slug":"un-joven-aprehendido-por-violacion-de-morada","status":"publish","type":"post","link":"https:\/\/eldiariodesanpedro.com.ar\/sitio\/un-joven-aprehendido-por-violacion-de-morada\/","title":{"rendered":"Un joven aprehendido por violaci\u00f3n de morada"},"content":{"rendered":"<!-- VideographyWP Plugin Message: Automatic video embedding prevented by plugin options. -->\n\n<p>Este mi\u00e9rcoles&nbsp; en horas de la ma\u00f1ana, el personal policial de nuestra ciudad se hace presente en calle Balcarce al 1400 donde procede a la aprehensi\u00f3n de un joven de 19 a\u00f1os quien momentos antes irrumpe en domicilio de donde se hallaba una joven de 16 a\u00f1os, sin el consentimiento de moradora, no se constatan da\u00f1os ni faltantes.<\/p>\n\n\n\n<p>Se toma conocimiento por vecinos linderos que momentos antes hab\u00eda querido ingresar en otras moradas.<\/p>\n","protected":false},"excerpt":{"rendered":"<p>Este mi\u00e9rcoles&nbsp; en horas de la ma\u00f1ana, el personal policial de nuestra ciudad se hace presente en calle Balcarce al 1400 donde procede a la aprehensi\u00f3n de un joven de 19 a\u00f1os quien momentos antes irrumpe en domicilio de donde se hallaba una joven de 16 a\u00f1os, sin el consentimiento de moradora, no se constatan [&hellip;]<\/p>\n","protected":false},"author":4,"featured_media":103755,"comment_status":"closed","ping_status":"closed","sticky":false,"template":"","format":"standard","meta":{"om_disable_all_campaigns":false,"_jetpack_memberships_contains_paid_content":false,"footnotes":""},"categories":[2,103],"tags":[197,696,33,19],"class_list":["post-103753","post","type-post","status-publish","format-standard","has-post-thumbnail","hentry","category-locales","category-policiales-locales","tag-buenos-aires","tag-interes-general","tag-locales","tag-san-pedro"],"aioseo_notices":[],"gutentor_comment":0,"jetpack_featured_media_url":"https:\/\/eldiariodesanpedro.com.ar\/sitio\/wp-content\/uploads\/2022\/02\/medida-3.jpg","jetpack_shortlink":"https:\/\/wp.me\/p6RhLt-qZr","jetpack_sharing_enabled":true,"_links":{"self":[{"href":"https:\/\/eldiariodesanpedro.com.ar\/sitio\/wp-json\/wp\/v2\/posts\/103753","targetHints":{"allow":["GET"]}}],"collection":[{"href":"https:\/\/eldiariodesanpedro.com.ar\/sitio\/wp-json\/wp\/v2\/posts"}],"about":[{"href":"https:\/\/eldiariodesanpedro.com.ar\/sitio\/wp-json\/wp\/v2\/types\/post"}],"author":[{"embeddable":true,"href":"https:\/\/eldiariodesanpedro.com.ar\/sitio\/wp-json\/wp\/v2\/users\/4"}],"replies":[{"embeddable":true,"href":"https:\/\/eldiariodesanpedro.com.ar\/sitio\/wp-json\/wp\/v2\/comments?post=103753"}],"version-history":[{"count":2,"href":"https:\/\/eldiariodesanpedro.com.ar\/sitio\/wp-json\/wp\/v2\/posts\/103753\/revisions"}],"predecessor-version":[{"id":103757,"href":"https:\/\/eldiariodesanpedro.com.ar\/sitio\/wp-json\/wp\/v2\/posts\/103753\/revisions\/103757"}],"wp:featuredmedia":[{"embeddable":true,"href":"https:\/\/eldiariodesanpedro.com.ar\/sitio\/wp-json\/wp\/v2\/media\/103755"}],"wp:attachment":[{"href":"https:\/\/eldiariodesanpedro.com.ar\/sitio\/wp-json\/wp\/v2\/media?parent=103753"}],"wp:term":[{"taxonomy":"category","embeddable":true,"href":"https:\/\/eldiariodesanpedro.com.ar\/sitio\/wp-json\/wp\/v2\/categories?post=103753"},{"taxonomy":"post_tag","embeddable":true,"href":"https:\/\/eldiariodesanpedro.com.ar\/sitio\/wp-json\/wp\/v2\/tags?post=103753"}],"curies":[{"name":"wp","href":"https:\/\/api.w.org\/{rel}","templated":true}]}}