{"id":103745,"date":"2022-02-03T18:03:11","date_gmt":"2022-02-03T21:03:11","guid":{"rendered":"https:\/\/eldiariodesanpedro.com.ar\/sitio\/?p=103745"},"modified":"2022-02-03T18:03:13","modified_gmt":"2022-02-03T21:03:13","slug":"detuvieron-a-mangacho-campodonico-por-ser-complice-del-bombero-alves","status":"publish","type":"post","link":"https:\/\/eldiariodesanpedro.com.ar\/sitio\/detuvieron-a-mangacho-campodonico-por-ser-complice-del-bombero-alves\/","title":{"rendered":"Detuvieron a \u00abMangacho\u00bb Campodonico por ser complice del Bombero Alves"},"content":{"rendered":"<!-- VideographyWP Plugin Message: Automatic video embedding prevented by plugin options. -->\n\n<p>A pesar que Mangacho se encontraba con prisi\u00f3n domiciliaria fue involucrado en el robo a la familia Lorido\u00a0 sobre ruta 191 donde adem\u00e1s se tirotearon con la policia, seria el delincuente que se dio a la fuga.<\/p>\n\n\n\n<p>Como resultado de las distintas labores de investigaci\u00f3n llevada adelante por parte de personal de la Sub DDI Baradero &#8211; San Pedro actuando de acuerdo a directivas impartidas por la Sra. Agente Fiscal de la U.F.I. Nro. 11 Dra. Viviana Ramos; habi\u00e9ndose reunido elementos suficientes para determinar que reconocido malviviente de esta ciudad residente en el Barrio La Tosquera, ser\u00eda uno de los delincuentes que lograra huir del accionar del personal policial que en horas de la tarde del 04 de enero pasado detuvo al bombero Walter Alves y los dos masculinos oriundos de la localidad de Pilar, Acosta y Barrionuevo en oportunidad de cometer un asalto en Ruta 191.&nbsp;<\/p>\n\n\n\n<p>Por lo que el d\u00eda de la fecha se obtuvo por parte del Juzgado de Garant\u00edas Nro. 1 Orden de Detenci\u00f3n para con Sergio \u201cMangacho\u201d Campodonico,&nbsp; de 49 a\u00f1os de edad; medida la que en horas de la tarde fue ejecutada por Grupo Operativo de la Sub DDI, con colaboraci\u00f3n de personal de la E.P.C. San Pedro.&nbsp;<\/p>\n\n\n\n<p>Se prosigue con las tareas investigativas con el fin de lograr reunir elementos que conlleven a determinar la participaci\u00f3n del detenido en otros il\u00edcitos en los que intervienen las dos restantes fiscal\u00edas que funcionan en la ciudad.<\/p>\n\n\n\n<p>El detenido, luego de prestar declaraci\u00f3n en sede judicial, ser\u00e1 alojado en la DDI San Nicol\u00e1s.<\/p>\n\n\n\n<figure class=\"wp-block-image size-full\"><img decoding=\"async\" width=\"473\" height=\"630\" data-attachment-id=\"103751\" data-permalink=\"https:\/\/eldiariodesanpedro.com.ar\/sitio\/detuvieron-a-mangacho-campodonico-por-ser-complice-del-bombero-alves\/c8ed3f9f-46e8-4e42-ad64-2374726eeb36-768x1024\/\" data-orig-file=\"https:\/\/eldiariodesanpedro.com.ar\/sitio\/wp-content\/uploads\/2022\/02\/c8ed3f9f-46e8-4e42-ad64-2374726eeb36-768x1024-1.jpg\" data-orig-size=\"473,630\" data-comments-opened=\"0\" data-image-meta=\"{&quot;aperture&quot;:&quot;0&quot;,&quot;credit&quot;:&quot;&quot;,&quot;camera&quot;:&quot;&quot;,&quot;caption&quot;:&quot;&quot;,&quot;created_timestamp&quot;:&quot;0&quot;,&quot;copyright&quot;:&quot;&quot;,&quot;focal_length&quot;:&quot;0&quot;,&quot;iso&quot;:&quot;0&quot;,&quot;shutter_speed&quot;:&quot;0&quot;,&quot;title&quot;:&quot;&quot;,&quot;orientation&quot;:&quot;0&quot;}\" data-image-title=\"c8ed3f9f-46e8-4e42-ad64-2374726eeb36-768&amp;#215;1024\" data-image-description=\"\" data-image-caption=\"\" data-large-file=\"https:\/\/eldiariodesanpedro.com.ar\/sitio\/wp-content\/uploads\/2022\/02\/c8ed3f9f-46e8-4e42-ad64-2374726eeb36-768x1024-1.jpg\" data-src=\"https:\/\/eldiariodesanpedro.com.ar\/sitio\/wp-content\/uploads\/2022\/02\/c8ed3f9f-46e8-4e42-ad64-2374726eeb36-768x1024-1.jpg\" alt=\"\" class=\"wp-image-103751 lazyload\" data-srcset=\"https:\/\/eldiariodesanpedro.com.ar\/sitio\/wp-content\/uploads\/2022\/02\/c8ed3f9f-46e8-4e42-ad64-2374726eeb36-768x1024-1.jpg 473w, https:\/\/eldiariodesanpedro.com.ar\/sitio\/wp-content\/uploads\/2022\/02\/c8ed3f9f-46e8-4e42-ad64-2374726eeb36-768x1024-1-225x300.jpg 225w\" data-sizes=\"(max-width: 473px) 100vw, 473px\" src=\"data:image\/svg+xml;base64,PHN2ZyB3aWR0aD0iMSIgaGVpZ2h0PSIxIiB4bWxucz0iaHR0cDovL3d3dy53My5vcmcvMjAwMC9zdmciPjwvc3ZnPg==\" style=\"--smush-placeholder-width: 473px; --smush-placeholder-aspect-ratio: 473\/630;\" \/><\/figure>\n\n\n\n<iframe data-src=\"https:\/\/www.facebook.com\/plugins\/video.php?height=308&#038;href=https%3A%2F%2Fwww.facebook.com%2Fdiariosp2%2Fvideos%2F515354993231614%2F&#038;show_text=false&#038;width=560&#038;t=0\" width=\"560\" height=\"308\" style=\"border:none;overflow:hidden\" scrolling=\"no\" frameborder=\"0\" allowfullscreen=\"true\" allow=\"autoplay; clipboard-write; encrypted-media; picture-in-picture; web-share\" allowFullScreen=\"true\" src=\"data:image\/svg+xml;base64,PHN2ZyB3aWR0aD0iMSIgaGVpZ2h0PSIxIiB4bWxucz0iaHR0cDovL3d3dy53My5vcmcvMjAwMC9zdmciPjwvc3ZnPg==\" class=\"lazyload\" data-load-mode=\"1\"><\/iframe>\n","protected":false},"excerpt":{"rendered":"<p>A pesar que Mangacho se encontraba con prisi\u00f3n domiciliaria fue involucrado en el robo a la familia Lorido\u00a0 sobre ruta 191 donde adem\u00e1s se tirotearon con la policia, seria el delincuente que se dio a la fuga. Como resultado de las distintas labores de investigaci\u00f3n llevada adelante por parte de personal de la Sub DDI [&hellip;]<\/p>\n","protected":false},"author":4,"featured_media":103749,"comment_status":"closed","ping_status":"closed","sticky":false,"template":"","format":"standard","meta":{"om_disable_all_campaigns":false,"_jetpack_memberships_contains_paid_content":false,"footnotes":""},"categories":[50,2,103],"tags":[197,696,33,19],"class_list":["post-103745","post","type-post","status-publish","format-standard","has-post-thumbnail","hentry","category-destacadas","category-locales","category-policiales-locales","tag-buenos-aires","tag-interes-general","tag-locales","tag-san-pedro"],"aioseo_notices":[],"gutentor_comment":0,"jetpack_featured_media_url":"https:\/\/eldiariodesanpedro.com.ar\/sitio\/wp-content\/uploads\/2022\/02\/WhatsApp-Image-2022-02-03-at-17.05.52.jpeg","jetpack_shortlink":"https:\/\/wp.me\/p6RhLt-qZj","jetpack_sharing_enabled":true,"_links":{"self":[{"href":"https:\/\/eldiariodesanpedro.com.ar\/sitio\/wp-json\/wp\/v2\/posts\/103745","targetHints":{"allow":["GET"]}}],"collection":[{"href":"https:\/\/eldiariodesanpedro.com.ar\/sitio\/wp-json\/wp\/v2\/posts"}],"about":[{"href":"https:\/\/eldiariodesanpedro.com.ar\/sitio\/wp-json\/wp\/v2\/types\/post"}],"author":[{"embeddable":true,"href":"https:\/\/eldiariodesanpedro.com.ar\/sitio\/wp-json\/wp\/v2\/users\/4"}],"replies":[{"embeddable":true,"href":"https:\/\/eldiariodesanpedro.com.ar\/sitio\/wp-json\/wp\/v2\/comments?post=103745"}],"version-history":[{"count":1,"href":"https:\/\/eldiariodesanpedro.com.ar\/sitio\/wp-json\/wp\/v2\/posts\/103745\/revisions"}],"predecessor-version":[{"id":103752,"href":"https:\/\/eldiariodesanpedro.com.ar\/sitio\/wp-json\/wp\/v2\/posts\/103745\/revisions\/103752"}],"wp:featuredmedia":[{"embeddable":true,"href":"https:\/\/eldiariodesanpedro.com.ar\/sitio\/wp-json\/wp\/v2\/media\/103749"}],"wp:attachment":[{"href":"https:\/\/eldiariodesanpedro.com.ar\/sitio\/wp-json\/wp\/v2\/media?parent=103745"}],"wp:term":[{"taxonomy":"category","embeddable":true,"href":"https:\/\/eldiariodesanpedro.com.ar\/sitio\/wp-json\/wp\/v2\/categories?post=103745"},{"taxonomy":"post_tag","embeddable":true,"href":"https:\/\/eldiariodesanpedro.com.ar\/sitio\/wp-json\/wp\/v2\/tags?post=103745"}],"curies":[{"name":"wp","href":"https:\/\/api.w.org\/{rel}","templated":true}]}}