{"id":103736,"date":"2022-02-03T10:51:57","date_gmt":"2022-02-03T13:51:57","guid":{"rendered":"https:\/\/eldiariodesanpedro.com.ar\/sitio\/?p=103736"},"modified":"2022-02-03T10:51:59","modified_gmt":"2022-02-03T13:51:59","slug":"el-intendente-recibio-a-vecinos-para-comentar-detalles-sobre-gestiones-realizadas-en-la-seguridad","status":"publish","type":"post","link":"https:\/\/eldiariodesanpedro.com.ar\/sitio\/el-intendente-recibio-a-vecinos-para-comentar-detalles-sobre-gestiones-realizadas-en-la-seguridad\/","title":{"rendered":"El Intendente recibi\u00f3 a vecinos para comentar detalles sobre gestiones realizadas en la seguridad"},"content":{"rendered":"<!-- VideographyWP Plugin Message: Automatic video embedding prevented by plugin options. -->\n\n<p>El Intendente Dr. Ram\u00f3n Salazar junto al secretario de Gobierno Pablo Vlaeminck, el de Coordinaci\u00f3n Hern\u00e1n Contreras y el director de Coordinaci\u00f3n Policial a cargo de la Secretar\u00eda de Seguridad Juan Carlos Ag\u00fcero, recibieron esta tarde a representantes del grupo de vecinos con el que se vienen manteniendo reuniones por las inquietudes surgidas en cuestiones de seguridad.<\/p>\n\n\n\n<p>En el d\u00eda de hoy se hizo una revisi\u00f3n sobre las acciones acordadas en la reuni\u00f3n previa, los trabajos sobre caminos rurales solicitados por los vecinos para mejorar las tareas de prevenci\u00f3n, y el resultado de las numerosas reuniones con representantes de las fuerzas de seguridad, el Poder Judicial y funcionarios provinciales.<\/p>\n\n\n\n<p>De esa manera se compartieron algunas de las novedades surgidas, cumpliendo el compromiso de mantenerlos informados sobre las gestiones a las que se les realizar\u00e1 un monitoreo permanente.<\/p>\n\n\n\n<p>Se reiter\u00f3 la voluntad de mantener este espacio de di\u00e1logo e intercambio con los vecinos, planificando un nuevo encuentro pasados entre 7 y 10 d\u00edas, a fines de dar seguimiento a las acciones propuestas.<\/p>\n","protected":false},"excerpt":{"rendered":"<p>El Intendente Dr. Ram\u00f3n Salazar junto al secretario de Gobierno Pablo Vlaeminck, el de Coordinaci\u00f3n Hern\u00e1n Contreras y el director de Coordinaci\u00f3n Policial a cargo de la Secretar\u00eda de Seguridad Juan Carlos Ag\u00fcero, recibieron esta tarde a representantes del grupo de vecinos con el que se vienen manteniendo reuniones por las inquietudes surgidas en cuestiones [&hellip;]<\/p>\n","protected":false},"author":4,"featured_media":103556,"comment_status":"closed","ping_status":"closed","sticky":false,"template":"","format":"standard","meta":{"om_disable_all_campaigns":false,"_jetpack_memberships_contains_paid_content":false,"footnotes":""},"categories":[50,101,2],"tags":[197,2658,696,33,19],"class_list":["post-103736","post","type-post","status-publish","format-standard","has-post-thumbnail","hentry","category-destacadas","category-interes-general-locales","category-locales","tag-buenos-aires","tag-el-intendente-recibio-a-vecinos-para-comentar-detalles-sobre-gestiones-realizadas-en-la-seguridad","tag-interes-general","tag-locales","tag-san-pedro"],"aioseo_notices":[],"gutentor_comment":0,"jetpack_featured_media_url":"https:\/\/eldiariodesanpedro.com.ar\/sitio\/wp-content\/uploads\/2022\/01\/WhatsApp-Image-2022-01-28-at-20.29.33.jpeg","jetpack_shortlink":"https:\/\/wp.me\/p6RhLt-qZa","jetpack_sharing_enabled":true,"_links":{"self":[{"href":"https:\/\/eldiariodesanpedro.com.ar\/sitio\/wp-json\/wp\/v2\/posts\/103736","targetHints":{"allow":["GET"]}}],"collection":[{"href":"https:\/\/eldiariodesanpedro.com.ar\/sitio\/wp-json\/wp\/v2\/posts"}],"about":[{"href":"https:\/\/eldiariodesanpedro.com.ar\/sitio\/wp-json\/wp\/v2\/types\/post"}],"author":[{"embeddable":true,"href":"https:\/\/eldiariodesanpedro.com.ar\/sitio\/wp-json\/wp\/v2\/users\/4"}],"replies":[{"embeddable":true,"href":"https:\/\/eldiariodesanpedro.com.ar\/sitio\/wp-json\/wp\/v2\/comments?post=103736"}],"version-history":[{"count":1,"href":"https:\/\/eldiariodesanpedro.com.ar\/sitio\/wp-json\/wp\/v2\/posts\/103736\/revisions"}],"predecessor-version":[{"id":103737,"href":"https:\/\/eldiariodesanpedro.com.ar\/sitio\/wp-json\/wp\/v2\/posts\/103736\/revisions\/103737"}],"wp:featuredmedia":[{"embeddable":true,"href":"https:\/\/eldiariodesanpedro.com.ar\/sitio\/wp-json\/wp\/v2\/media\/103556"}],"wp:attachment":[{"href":"https:\/\/eldiariodesanpedro.com.ar\/sitio\/wp-json\/wp\/v2\/media?parent=103736"}],"wp:term":[{"taxonomy":"category","embeddable":true,"href":"https:\/\/eldiariodesanpedro.com.ar\/sitio\/wp-json\/wp\/v2\/categories?post=103736"},{"taxonomy":"post_tag","embeddable":true,"href":"https:\/\/eldiariodesanpedro.com.ar\/sitio\/wp-json\/wp\/v2\/tags?post=103736"}],"curies":[{"name":"wp","href":"https:\/\/api.w.org\/{rel}","templated":true}]}}